{"id":9153,"date":"2022-02-04T12:07:36","date_gmt":"2022-02-04T12:07:36","guid":{"rendered":"https:\/\/www.collegesinstitutes.ca\/reflexions-sur-50-ans-de-croissance-et-sur-notre-avenir-commun\/"},"modified":"2023-02-03T04:46:05","modified_gmt":"2023-02-03T04:46:05","slug":"reflexions-sur-50-ans-de-croissance-et-sur-notre-avenir-commun","status":"publish","type":"post","link":"https:\/\/www.collegesinstitutes.ca\/fr\/reflexions-sur-50-ans-de-croissance-et-sur-notre-avenir-commun\/","title":{"rendered":"R\u00e9flexions sur 50 ans de croissance et sur notre avenir commun"},"content":{"rendered":"<p>Par\u00a0<strong>Denise Amyot<\/strong>, pr\u00e9sidente-directrice g\u00e9n\u00e9rale de Coll\u00e8ges et instituts Canada<\/p>\n<p><strong>Il y a cinquante ans, les coll\u00e8ges et instituts de tout le Canada ont d\u00e9cid\u00e9 de s\u2019unir et de se donner un moyen de s\u2019exprimer d\u2019une seule voix.<\/strong> Ils avaient r\u00e9alis\u00e9 que tout en \u00e9tant chacun ancr\u00e9s dans les collectivit\u00e9s qu\u2019ils desservaient, ils avaient beaucoup \u00e0 gagner en travaillant ensemble et en veillant \u00e0 ce que le syst\u00e8me coll\u00e9gial dans son ensemble se fasse entendre.<\/p>\n<p>Il s\u2019agissait pour la plupart de tr\u00e8s jeunes \u00e9tablissements n\u2019ayant que quelques ann\u00e9es d\u2019existence. Nombre d\u2019entre eux avaient \u00e9t\u00e9 cr\u00e9\u00e9s dans les ann\u00e9es\u00a060 ou avaient vu leur mandat renouvel\u00e9 dans un souci de rendre l\u2019\u00e9ducation accessible \u00e0 toutes et \u00e0 tous, et de r\u00e9pondre aux besoins d\u2019un march\u00e9 du travail en rapide \u00e9volution.<\/p>\n<p>C\u2019\u00e9tait une \u00e9poque de bouleversements sociaux et \u00e9conomiques, une \u00e9poque de grandes interrogations et d\u2019\u00e9normes possibilit\u00e9s durant laquelle on pr\u00e9conisa des solutions novatrices pour cr\u00e9er une soci\u00e9t\u00e9 plus \u00e9quitable et g\u00e9n\u00e9rer des progr\u00e8s r\u00e9els. <strong>Les coll\u00e8ges et les instituts du Canada furent des acteurs de premier plan dans ce mouvement.<\/strong><\/p>\n<p>Leur mandat \u00e9tait tout \u00e0 fait r\u00e9volutionnaire\u00a0: il s\u2019agissait en effet de dispenser un enseignement technique et professionnel \u00e0 une \u00e9chelle encore jamais vue tout en portant l\u2019attention sur le besoin d\u2019offrir des services aux collectivit\u00e9s locales. C\u2019\u00e9tait un v\u00e9ritable effort de d\u00e9mocratisation de l\u2019\u00e9ducation qui allait avoir des cons\u00e9quences de grande ampleur et contribuer \u00e0 la cr\u00e9ation de ce que l\u2019on appelle aujourd\u2019hui la classe moyenne. Le but ultime \u00e9tait de soutenir l\u2019essor \u00e9conomique de l\u2019apr\u00e8s-guerre, lequel n\u00e9cessitait une main-d\u2019\u0153uvre qualifi\u00e9e pour alimenter les nouvelles industries.<\/p>\n<p>Ces nouveaux \u00e9tablissements connurent un grand succ\u00e8s et eurent une grande port\u00e9e. Entre les ann\u00e9es\u00a060 et le d\u00e9but des ann\u00e9es\u00a070, le syst\u00e8me coll\u00e9gial s\u2019\u00e9tendit de mani\u00e8re spectaculaire dans tout le pays. On cr\u00e9a d\u2019ambitieux r\u00e9seaux provinciaux, mais, en 1970, il devint \u00e9vident qu\u2019il leur fallait aussi un porte-parole national pour mieux les repr\u00e9senter et les aider \u00e0 se d\u00e9velopper.<\/p>\n<p>C\u2019est ce qui conduisit \u00e0 la cr\u00e9ation de l\u2019Association des coll\u00e8ges communautaires du Canada, constitu\u00e9e officiellement en 1972, et qui serait plus tard connue sous le nom de Coll\u00e8ges et Instituts Canada.<\/p>\n<p><strong>Cinquante ans plus tard, beaucoup de choses ont chang\u00e9<\/strong>. Cela inclut tr\u00e8s certainement nos membres, qui fournissent des formations \u00e0 la fine pointe, appuient l\u2019innovation par le biais de la recherche appliqu\u00e9e et offrent une grande vari\u00e9t\u00e9 de titres, incluant des baccalaur\u00e9ats, des programmes post-dipl\u00f4mes et une foule de micro-certifications. Il reste que le Canada doit \u00e0 nouveau r\u00e9agir face \u00e0 des possibilit\u00e9s comparables dans un contexte de grands changements.<\/p>\n<p>Les nouvelles technologies et fa\u00e7ons de faire continuent de transformer le monde du travail \u00e0 un rythme incroyable. De fait, on pourrait dire que le march\u00e9 du travail n\u2019a pas connu de changements aussi radicaux depuis l\u2019apr\u00e8s-guerre. Les emplois de demain, ceux d\u2019apr\u00e8s la pand\u00e9mie, seront radicalement diff\u00e9rents des emplois d\u2019il y a \u00e0 peine quelques ann\u00e9es.<\/p>\n<p>En m\u00eame temps, les mouvements mondiaux, au sens propre comme au sens figur\u00e9, nous obligent \u00e0 repenser la fa\u00e7on dont nous interagissons avec autrui et dont nous composons avec les pr\u00e9jug\u00e9s et la discrimination enracin\u00e9s dans notre soci\u00e9t\u00e9. L\u2019\u00e9quit\u00e9, la diversit\u00e9 et l\u2019inclusion ne sont pas de nouveaux concepts, mais il est temps que nous nous engagions pleinement \u00e0 les appliquer. La r\u00e9conciliation avec les collectivit\u00e9s autochtones est une autre priorit\u00e9 majeure pour les particuliers et les institutions, et il reste beaucoup \u00e0 faire \u00e0 ce chapitre. Notre syst\u00e8me d\u2019enseignement postsecondaire doit encore une fois d\u00e9montrer qu\u2019il peut se d\u00e9velopper et \u00e9voluer pour r\u00e9pondre aux besoins changeants des apprenants, des employeurs et des collectivit\u00e9s.<\/p>\n<p><strong>Peu importe o\u00f9 les besoins se feront sentir, CICan poursuivra son travail de soutien et de repr\u00e9sentation des coll\u00e8ges et des instituts du pays.<\/strong> La\u00a0<a tabindex=\"164\" href=\"https:\/\/www.collegesinstitutes.ca\/fr\/les-50-ans-de-cican\/\">croissance ph\u00e9nom\u00e9nale qu\u2019elle a connue au cours des cinquante derni\u00e8res ann\u00e9es<\/a>\u00a0a clairement d\u00e9montr\u00e9 les r\u00e9percussions positives qu\u2019elle peut avoir, et elle peut encore en avoir beaucoup plus.<\/p>\n<p>Aujourd\u2019hui, alors que nous entamons une ann\u00e9e de c\u00e9l\u00e9bration pour marquer cinquante ans d\u2019existence dont nous sommes fiers, nous voulons aussi regarder vers l\u2019avenir et <strong>c\u2019est l\u00e0 que vous entrez en jeu.<\/strong><\/p>\n<p>Nous invitons tous nos membres, partenaires, \u00e9tudiants, dipl\u00f4m\u00e9s et amis \u00e0 se joindre \u00e0 nous pour r\u00e9fl\u00e9chir au chemin parcouru et \u00e0 la direction \u00e0 prendre. Nous souhaitons entendre ce que vous avez \u00e0 nous dire \u00e0 ce sujet et nous engageons \u00e0 diffuser tout au long de cette ann\u00e9e anniversaire les textes, articles et lettres ouvertes que vous aurez pr\u00e9par\u00e9s afin d\u2019exposer vos diff\u00e9rents points de vue notamment sur l\u2019avenir du travail, de l\u2019\u00e9ducation, de la recherche, de l\u2019innovation, de la r\u00e9conciliation, de l\u2019inclusion et de la collaboration.<\/p>\n<p>Pour en savoir plus sur la fa\u00e7on de contribuer \u00e0 ce projet, cliquez ici.<\/p>\n<p><strong>Au plaisir de d\u00e9couvrir ce que vous avez \u00e0 nous dire\u2009!<\/strong><\/p>\n","protected":false},"excerpt":{"rendered":"<p>Il y a cinquante ans, les coll\u00e8ges et instituts de tout le Canada ont d\u00e9cid\u00e9 de s\u2019unir et de se donner un moyen de s\u2019exprimer d\u2019une seule voix. Ils avaient r\u00e9alis\u00e9 que tout en \u00e9tant chacun ancr\u00e9s dans les collectivit\u00e9s qu\u2019ils desservaient, ils avaient beaucoup \u00e0 gagner en travaillant ensemble et en veillant \u00e0 ce que le syst\u00e8me coll\u00e9gial dans son ensemble se fasse entendre.<\/p>\n","protected":false},"author":2,"featured_media":16944,"comment_status":"closed","ping_status":"closed","sticky":false,"template":"","format":"standard","meta":{"_acf_changed":false,"footnotes":""},"categories":[5],"tags":[1006],"class_list":["post-9153","post","type-post","status-publish","format-standard","has-post-thumbnail","hentry","category-non-classifiee","tag-50ans"],"acf":[],"yoast_head":"<!-- This site is optimized with the Yoast SEO plugin v27.5 - https:\/\/yoast.com\/product\/yoast-seo-wordpress\/ -->\n<title>R\u00e9flexions sur 50 ans de croissance et sur notre avenir commun - Colleges and Institutes Canada<\/title>\n<meta name=\"robots\" content=\"index, follow, max-snippet:-1, max-image-preview:large, max-video-preview:-1\" \/>\n<link rel=\"canonical\" href=\"https:\/\/www.collegesinstitutes.ca\/fr\/reflexions-sur-50-ans-de-croissance-et-sur-notre-avenir-commun\/\" \/>\n<meta property=\"og:locale\" content=\"fr_FR\" \/>\n<meta property=\"og:type\" content=\"article\" \/>\n<meta property=\"og:title\" content=\"R\u00e9flexions sur 50 ans de croissance et sur notre avenir commun - Colleges and Institutes Canada\" \/>\n<meta property=\"og:description\" content=\"Il y a cinquante ans, les coll\u00e8ges et instituts de tout le Canada ont d\u00e9cid\u00e9 de s\u2019unir et de se donner un moyen de s\u2019exprimer d\u2019une seule voix. Ils avaient r\u00e9alis\u00e9 que tout en \u00e9tant chacun ancr\u00e9s dans les collectivit\u00e9s qu\u2019ils desservaient, ils avaient beaucoup \u00e0 gagner en travaillant ensemble et en veillant \u00e0 ce que le syst\u00e8me coll\u00e9gial dans son ensemble se fasse entendre.\" \/>\n<meta property=\"og:url\" content=\"https:\/\/www.collegesinstitutes.ca\/fr\/reflexions-sur-50-ans-de-croissance-et-sur-notre-avenir-commun\/\" \/>\n<meta property=\"og:site_name\" content=\"Colleges and Institutes Canada\" \/>\n<meta property=\"article:published_time\" content=\"2022-02-04T12:07:36+00:00\" \/>\n<meta property=\"article:modified_time\" content=\"2023-02-03T04:46:05+00:00\" \/>\n<meta property=\"og:image\" content=\"https:\/\/www.collegesinstitutes.ca\/wp-content\/uploads\/2022\/02\/header-img-50th-2.jpg\" \/>\n\t<meta property=\"og:image:width\" content=\"1200\" \/>\n\t<meta property=\"og:image:height\" content=\"628\" \/>\n\t<meta property=\"og:image:type\" content=\"image\/jpeg\" \/>\n<meta name=\"author\" content=\"PugLove\" \/>\n<meta name=\"twitter:card\" content=\"summary_large_image\" \/>\n<meta name=\"twitter:label1\" content=\"Written by\" \/>\n\t<meta name=\"twitter:data1\" content=\"PugLove\" \/>\n\t<meta name=\"twitter:label2\" content=\"Est. reading time\" \/>\n\t<meta name=\"twitter:data2\" content=\"5 minutes\" \/>\n<script type=\"application\/ld+json\" class=\"yoast-schema-graph\">{\"@context\":\"https:\\\/\\\/schema.org\",\"@graph\":[{\"@type\":\"Article\",\"@id\":\"https:\\\/\\\/www.collegesinstitutes.ca\\\/fr\\\/reflexions-sur-50-ans-de-croissance-et-sur-notre-avenir-commun\\\/#article\",\"isPartOf\":{\"@id\":\"https:\\\/\\\/www.collegesinstitutes.ca\\\/fr\\\/reflexions-sur-50-ans-de-croissance-et-sur-notre-avenir-commun\\\/\"},\"author\":{\"name\":\"PugLove\",\"@id\":\"https:\\\/\\\/www.collegesinstitutes.ca\\\/fr\\\/#\\\/schema\\\/person\\\/7db380f6f507a593bd7b20dbbbc2d811\"},\"headline\":\"R\u00e9flexions sur 50 ans de croissance et sur notre avenir commun\",\"datePublished\":\"2022-02-04T12:07:36+00:00\",\"dateModified\":\"2023-02-03T04:46:05+00:00\",\"mainEntityOfPage\":{\"@id\":\"https:\\\/\\\/www.collegesinstitutes.ca\\\/fr\\\/reflexions-sur-50-ans-de-croissance-et-sur-notre-avenir-commun\\\/\"},\"wordCount\":923,\"publisher\":{\"@id\":\"https:\\\/\\\/www.collegesinstitutes.ca\\\/fr\\\/#organization\"},\"image\":{\"@id\":\"https:\\\/\\\/www.collegesinstitutes.ca\\\/fr\\\/reflexions-sur-50-ans-de-croissance-et-sur-notre-avenir-commun\\\/#primaryimage\"},\"thumbnailUrl\":\"https:\\\/\\\/www.collegesinstitutes.ca\\\/wp-content\\\/uploads\\\/2022\\\/02\\\/header-img-50th-2.jpg\",\"keywords\":[\"50ans\"],\"articleSection\":[\"Non classifi\u00e9(e)\"],\"inLanguage\":\"fr-FR\"},{\"@type\":\"WebPage\",\"@id\":\"https:\\\/\\\/www.collegesinstitutes.ca\\\/fr\\\/reflexions-sur-50-ans-de-croissance-et-sur-notre-avenir-commun\\\/\",\"url\":\"https:\\\/\\\/www.collegesinstitutes.ca\\\/fr\\\/reflexions-sur-50-ans-de-croissance-et-sur-notre-avenir-commun\\\/\",\"name\":\"R\u00e9flexions sur 50 ans de croissance et sur notre avenir commun - Colleges and Institutes Canada\",\"isPartOf\":{\"@id\":\"https:\\\/\\\/www.collegesinstitutes.ca\\\/fr\\\/#website\"},\"primaryImageOfPage\":{\"@id\":\"https:\\\/\\\/www.collegesinstitutes.ca\\\/fr\\\/reflexions-sur-50-ans-de-croissance-et-sur-notre-avenir-commun\\\/#primaryimage\"},\"image\":{\"@id\":\"https:\\\/\\\/www.collegesinstitutes.ca\\\/fr\\\/reflexions-sur-50-ans-de-croissance-et-sur-notre-avenir-commun\\\/#primaryimage\"},\"thumbnailUrl\":\"https:\\\/\\\/www.collegesinstitutes.ca\\\/wp-content\\\/uploads\\\/2022\\\/02\\\/header-img-50th-2.jpg\",\"datePublished\":\"2022-02-04T12:07:36+00:00\",\"dateModified\":\"2023-02-03T04:46:05+00:00\",\"breadcrumb\":{\"@id\":\"https:\\\/\\\/www.collegesinstitutes.ca\\\/fr\\\/reflexions-sur-50-ans-de-croissance-et-sur-notre-avenir-commun\\\/#breadcrumb\"},\"inLanguage\":\"fr-FR\",\"potentialAction\":[{\"@type\":\"ReadAction\",\"target\":[\"https:\\\/\\\/www.collegesinstitutes.ca\\\/fr\\\/reflexions-sur-50-ans-de-croissance-et-sur-notre-avenir-commun\\\/\"]}]},{\"@type\":\"ImageObject\",\"inLanguage\":\"fr-FR\",\"@id\":\"https:\\\/\\\/www.collegesinstitutes.ca\\\/fr\\\/reflexions-sur-50-ans-de-croissance-et-sur-notre-avenir-commun\\\/#primaryimage\",\"url\":\"https:\\\/\\\/www.collegesinstitutes.ca\\\/wp-content\\\/uploads\\\/2022\\\/02\\\/header-img-50th-2.jpg\",\"contentUrl\":\"https:\\\/\\\/www.collegesinstitutes.ca\\\/wp-content\\\/uploads\\\/2022\\\/02\\\/header-img-50th-2.jpg\",\"width\":1200,\"height\":628},{\"@type\":\"BreadcrumbList\",\"@id\":\"https:\\\/\\\/www.collegesinstitutes.ca\\\/fr\\\/reflexions-sur-50-ans-de-croissance-et-sur-notre-avenir-commun\\\/#breadcrumb\",\"itemListElement\":[{\"@type\":\"ListItem\",\"position\":1,\"name\":\"Home\",\"item\":\"https:\\\/\\\/www.collegesinstitutes.ca\\\/fr\\\/\"},{\"@type\":\"ListItem\",\"position\":2,\"name\":\"R\u00e9flexions sur 50 ans de croissance et sur notre avenir commun\"}]},{\"@type\":\"WebSite\",\"@id\":\"https:\\\/\\\/www.collegesinstitutes.ca\\\/fr\\\/#website\",\"url\":\"https:\\\/\\\/www.collegesinstitutes.ca\\\/fr\\\/\",\"name\":\"Colleges and Institutes Canada\",\"description\":\"The Voice of Canada&#039;s Colleges &amp; Institutes\",\"publisher\":{\"@id\":\"https:\\\/\\\/www.collegesinstitutes.ca\\\/fr\\\/#organization\"},\"potentialAction\":[{\"@type\":\"SearchAction\",\"target\":{\"@type\":\"EntryPoint\",\"urlTemplate\":\"https:\\\/\\\/www.collegesinstitutes.ca\\\/fr\\\/?s={search_term_string}\"},\"query-input\":{\"@type\":\"PropertyValueSpecification\",\"valueRequired\":true,\"valueName\":\"search_term_string\"}}],\"inLanguage\":\"fr-FR\"},{\"@type\":\"Organization\",\"@id\":\"https:\\\/\\\/www.collegesinstitutes.ca\\\/fr\\\/#organization\",\"name\":\"Colleges and Institutes Canada\",\"url\":\"https:\\\/\\\/www.collegesinstitutes.ca\\\/fr\\\/\",\"logo\":{\"@type\":\"ImageObject\",\"inLanguage\":\"fr-FR\",\"@id\":\"https:\\\/\\\/www.collegesinstitutes.ca\\\/fr\\\/#\\\/schema\\\/logo\\\/image\\\/\",\"url\":\"https:\\\/\\\/www.collegesinstitutes.ca\\\/wp-content\\\/uploads\\\/2025\\\/06\\\/logo-en.png\",\"contentUrl\":\"https:\\\/\\\/www.collegesinstitutes.ca\\\/wp-content\\\/uploads\\\/2025\\\/06\\\/logo-en.png\",\"width\":794,\"height\":280,\"caption\":\"Colleges and Institutes Canada\"},\"image\":{\"@id\":\"https:\\\/\\\/www.collegesinstitutes.ca\\\/fr\\\/#\\\/schema\\\/logo\\\/image\\\/\"}},{\"@type\":\"Person\",\"@id\":\"https:\\\/\\\/www.collegesinstitutes.ca\\\/fr\\\/#\\\/schema\\\/person\\\/7db380f6f507a593bd7b20dbbbc2d811\",\"name\":\"PugLove\",\"sameAs\":[\"http:\\\/\\\/cicandev1\"],\"url\":\"https:\\\/\\\/www.collegesinstitutes.ca\\\/fr\\\/author\\\/shill\\\/\"}]}<\/script>\n<!-- \/ Yoast SEO plugin. -->","yoast_head_json":{"title":"R\u00e9flexions sur 50 ans de croissance et sur notre avenir commun - Colleges and Institutes Canada","robots":{"index":"index","follow":"follow","max-snippet":"max-snippet:-1","max-image-preview":"max-image-preview:large","max-video-preview":"max-video-preview:-1"},"canonical":"https:\/\/www.collegesinstitutes.ca\/fr\/reflexions-sur-50-ans-de-croissance-et-sur-notre-avenir-commun\/","og_locale":"fr_FR","og_type":"article","og_title":"R\u00e9flexions sur 50 ans de croissance et sur notre avenir commun - Colleges and Institutes Canada","og_description":"Il y a cinquante ans, les coll\u00e8ges et instituts de tout le Canada ont d\u00e9cid\u00e9 de s\u2019unir et de se donner un moyen de s\u2019exprimer d\u2019une seule voix. Ils avaient r\u00e9alis\u00e9 que tout en \u00e9tant chacun ancr\u00e9s dans les collectivit\u00e9s qu\u2019ils desservaient, ils avaient beaucoup \u00e0 gagner en travaillant ensemble et en veillant \u00e0 ce que le syst\u00e8me coll\u00e9gial dans son ensemble se fasse entendre.","og_url":"https:\/\/www.collegesinstitutes.ca\/fr\/reflexions-sur-50-ans-de-croissance-et-sur-notre-avenir-commun\/","og_site_name":"Colleges and Institutes Canada","article_published_time":"2022-02-04T12:07:36+00:00","article_modified_time":"2023-02-03T04:46:05+00:00","og_image":[{"width":1200,"height":628,"url":"https:\/\/www.collegesinstitutes.ca\/wp-content\/uploads\/2022\/02\/header-img-50th-2.jpg","type":"image\/jpeg"}],"author":"PugLove","twitter_card":"summary_large_image","twitter_misc":{"Written by":"PugLove","Est. reading time":"5 minutes"},"schema":{"@context":"https:\/\/schema.org","@graph":[{"@type":"Article","@id":"https:\/\/www.collegesinstitutes.ca\/fr\/reflexions-sur-50-ans-de-croissance-et-sur-notre-avenir-commun\/#article","isPartOf":{"@id":"https:\/\/www.collegesinstitutes.ca\/fr\/reflexions-sur-50-ans-de-croissance-et-sur-notre-avenir-commun\/"},"author":{"name":"PugLove","@id":"https:\/\/www.collegesinstitutes.ca\/fr\/#\/schema\/person\/7db380f6f507a593bd7b20dbbbc2d811"},"headline":"R\u00e9flexions sur 50 ans de croissance et sur notre avenir commun","datePublished":"2022-02-04T12:07:36+00:00","dateModified":"2023-02-03T04:46:05+00:00","mainEntityOfPage":{"@id":"https:\/\/www.collegesinstitutes.ca\/fr\/reflexions-sur-50-ans-de-croissance-et-sur-notre-avenir-commun\/"},"wordCount":923,"publisher":{"@id":"https:\/\/www.collegesinstitutes.ca\/fr\/#organization"},"image":{"@id":"https:\/\/www.collegesinstitutes.ca\/fr\/reflexions-sur-50-ans-de-croissance-et-sur-notre-avenir-commun\/#primaryimage"},"thumbnailUrl":"https:\/\/www.collegesinstitutes.ca\/wp-content\/uploads\/2022\/02\/header-img-50th-2.jpg","keywords":["50ans"],"articleSection":["Non classifi\u00e9(e)"],"inLanguage":"fr-FR"},{"@type":"WebPage","@id":"https:\/\/www.collegesinstitutes.ca\/fr\/reflexions-sur-50-ans-de-croissance-et-sur-notre-avenir-commun\/","url":"https:\/\/www.collegesinstitutes.ca\/fr\/reflexions-sur-50-ans-de-croissance-et-sur-notre-avenir-commun\/","name":"R\u00e9flexions sur 50 ans de croissance et sur notre avenir commun - Colleges and Institutes Canada","isPartOf":{"@id":"https:\/\/www.collegesinstitutes.ca\/fr\/#website"},"primaryImageOfPage":{"@id":"https:\/\/www.collegesinstitutes.ca\/fr\/reflexions-sur-50-ans-de-croissance-et-sur-notre-avenir-commun\/#primaryimage"},"image":{"@id":"https:\/\/www.collegesinstitutes.ca\/fr\/reflexions-sur-50-ans-de-croissance-et-sur-notre-avenir-commun\/#primaryimage"},"thumbnailUrl":"https:\/\/www.collegesinstitutes.ca\/wp-content\/uploads\/2022\/02\/header-img-50th-2.jpg","datePublished":"2022-02-04T12:07:36+00:00","dateModified":"2023-02-03T04:46:05+00:00","breadcrumb":{"@id":"https:\/\/www.collegesinstitutes.ca\/fr\/reflexions-sur-50-ans-de-croissance-et-sur-notre-avenir-commun\/#breadcrumb"},"inLanguage":"fr-FR","potentialAction":[{"@type":"ReadAction","target":["https:\/\/www.collegesinstitutes.ca\/fr\/reflexions-sur-50-ans-de-croissance-et-sur-notre-avenir-commun\/"]}]},{"@type":"ImageObject","inLanguage":"fr-FR","@id":"https:\/\/www.collegesinstitutes.ca\/fr\/reflexions-sur-50-ans-de-croissance-et-sur-notre-avenir-commun\/#primaryimage","url":"https:\/\/www.collegesinstitutes.ca\/wp-content\/uploads\/2022\/02\/header-img-50th-2.jpg","contentUrl":"https:\/\/www.collegesinstitutes.ca\/wp-content\/uploads\/2022\/02\/header-img-50th-2.jpg","width":1200,"height":628},{"@type":"BreadcrumbList","@id":"https:\/\/www.collegesinstitutes.ca\/fr\/reflexions-sur-50-ans-de-croissance-et-sur-notre-avenir-commun\/#breadcrumb","itemListElement":[{"@type":"ListItem","position":1,"name":"Home","item":"https:\/\/www.collegesinstitutes.ca\/fr\/"},{"@type":"ListItem","position":2,"name":"R\u00e9flexions sur 50 ans de croissance et sur notre avenir commun"}]},{"@type":"WebSite","@id":"https:\/\/www.collegesinstitutes.ca\/fr\/#website","url":"https:\/\/www.collegesinstitutes.ca\/fr\/","name":"Colleges and Institutes Canada","description":"The Voice of Canada&#039;s Colleges &amp; Institutes","publisher":{"@id":"https:\/\/www.collegesinstitutes.ca\/fr\/#organization"},"potentialAction":[{"@type":"SearchAction","target":{"@type":"EntryPoint","urlTemplate":"https:\/\/www.collegesinstitutes.ca\/fr\/?s={search_term_string}"},"query-input":{"@type":"PropertyValueSpecification","valueRequired":true,"valueName":"search_term_string"}}],"inLanguage":"fr-FR"},{"@type":"Organization","@id":"https:\/\/www.collegesinstitutes.ca\/fr\/#organization","name":"Colleges and Institutes Canada","url":"https:\/\/www.collegesinstitutes.ca\/fr\/","logo":{"@type":"ImageObject","inLanguage":"fr-FR","@id":"https:\/\/www.collegesinstitutes.ca\/fr\/#\/schema\/logo\/image\/","url":"https:\/\/www.collegesinstitutes.ca\/wp-content\/uploads\/2025\/06\/logo-en.png","contentUrl":"https:\/\/www.collegesinstitutes.ca\/wp-content\/uploads\/2025\/06\/logo-en.png","width":794,"height":280,"caption":"Colleges and Institutes Canada"},"image":{"@id":"https:\/\/www.collegesinstitutes.ca\/fr\/#\/schema\/logo\/image\/"}},{"@type":"Person","@id":"https:\/\/www.collegesinstitutes.ca\/fr\/#\/schema\/person\/7db380f6f507a593bd7b20dbbbc2d811","name":"PugLove","sameAs":["http:\/\/cicandev1"],"url":"https:\/\/www.collegesinstitutes.ca\/fr\/author\/shill\/"}]}},"_links":{"self":[{"href":"https:\/\/www.collegesinstitutes.ca\/fr\/wp-json\/wp\/v2\/posts\/9153","targetHints":{"allow":["GET"]}}],"collection":[{"href":"https:\/\/www.collegesinstitutes.ca\/fr\/wp-json\/wp\/v2\/posts"}],"about":[{"href":"https:\/\/www.collegesinstitutes.ca\/fr\/wp-json\/wp\/v2\/types\/post"}],"author":[{"embeddable":true,"href":"https:\/\/www.collegesinstitutes.ca\/fr\/wp-json\/wp\/v2\/users\/2"}],"replies":[{"embeddable":true,"href":"https:\/\/www.collegesinstitutes.ca\/fr\/wp-json\/wp\/v2\/comments?post=9153"}],"version-history":[{"count":0,"href":"https:\/\/www.collegesinstitutes.ca\/fr\/wp-json\/wp\/v2\/posts\/9153\/revisions"}],"wp:featuredmedia":[{"embeddable":true,"href":"https:\/\/www.collegesinstitutes.ca\/fr\/wp-json\/wp\/v2\/media\/16944"}],"wp:attachment":[{"href":"https:\/\/www.collegesinstitutes.ca\/fr\/wp-json\/wp\/v2\/media?parent=9153"}],"wp:term":[{"taxonomy":"category","embeddable":true,"href":"https:\/\/www.collegesinstitutes.ca\/fr\/wp-json\/wp\/v2\/categories?post=9153"},{"taxonomy":"post_tag","embeddable":true,"href":"https:\/\/www.collegesinstitutes.ca\/fr\/wp-json\/wp\/v2\/tags?post=9153"}],"curies":[{"name":"wp","href":"https:\/\/api.w.org\/{rel}","templated":true}]}}