{"id":35376,"date":"2025-05-14T16:02:47","date_gmt":"2025-05-14T16:02:47","guid":{"rendered":"https:\/\/www.collegesinstitutes.ca\/?p=35376"},"modified":"2025-05-14T16:08:17","modified_gmt":"2025-05-14T16:08:17","slug":"cest-le-moment-cest-linstant-des-mesures-audacieuses-pour-le-canada","status":"publish","type":"post","link":"https:\/\/www.collegesinstitutes.ca\/fr\/cest-le-moment-cest-linstant-des-mesures-audacieuses-pour-le-canada\/","title":{"rendered":"C\u2019est le moment, c\u2019est l\u2019instant\u202f: Des mesures audacieuses pour le Canada"},"content":{"rendered":"<p><span data-contrast=\"auto\">En un peu plus de deux semaines depuis son \u00e9lection, le premier ministre Mark Carney a d\u00e9j\u00e0 trac\u00e9 des objectifs ambitieux, notamment en mati\u00e8re de construction de logements, d\u2019am\u00e9lioration de l\u2019accessibilit\u00e9 \u00e0 la propri\u00e9t\u00e9, de stimulation de la productivit\u00e9 et de transformation de l\u2019\u00e9conomie canadienne gr\u00e2ce \u00e0 des mesures audacieuses.<\/span><\/p>\n<p><span data-contrast=\"auto\">Le message de notre secteur est clair quant \u00e0 ces priorit\u00e9s\u202f: Les coll\u00e8ges et instituts du Canada sont des partenaires incontournables pour la r\u00e9alisation des objectifs.<\/span><\/p>\n<h2>Les grandes discussions<\/h2>\n<p><span data-contrast=\"auto\">Le mois dernier, CICan a r\u00e9uni plus de 130\u202fresponsables provenant des coll\u00e8ges, instituts, c\u00e9geps et \u00e9tablissements polytechniques publics du Canada aux c\u00f4t\u00e9s de repr\u00e9sentants d\u2019organismes partenaires cl\u00e9s. Il s\u2019agissait du tout premier Sommet des leaders, une initiative visant \u00e0 tracer la voie \u00e0 suivre pour permettre \u00e0 notre secteur de continuer \u00e0 exceller.<\/span><span data-ccp-props=\"{&quot;134233279&quot;:true,&quot;335559738&quot;:240,&quot;335559739&quot;:240}\">\u00a0<\/span><\/p>\n<p><span data-contrast=\"auto\">R\u00e9unissant les bonnes personnes pour poser les bonnes questions au bon moment, les conversations ont port\u00e9 sur les enjeux les plus pressants, au carrefour des d\u00e9fis nationaux, des orientations du nouveau gouvernement et des perspectives prometteuses pour l\u2019enseignement postsecondaire\u202f:\u00a0<\/span><span data-ccp-props=\"{&quot;134233279&quot;:true,&quot;335559738&quot;:240,&quot;335559739&quot;:240}\">\u00a0<\/span><\/p>\n<ul>\n<li data-leveltext=\"\uf0b7\" data-font=\"Symbol\" data-listid=\"4\" data-list-defn-props=\"{&quot;335552541&quot;:1,&quot;335559685&quot;:720,&quot;335559991&quot;:360,&quot;469769226&quot;:&quot;Symbol&quot;,&quot;469769242&quot;:[8226],&quot;469777803&quot;:&quot;left&quot;,&quot;469777804&quot;:&quot;\uf0b7&quot;,&quot;469777815&quot;:&quot;hybridMultilevel&quot;}\" aria-setsize=\"-1\" data-aria-posinset=\"1\" data-aria-level=\"1\"><span data-contrast=\"auto\">Augmenter les inscriptions nationales de mani\u00e8re \u00e0 former une main-d\u2019\u0153uvre qualifi\u00e9e \u00ab fabriqu\u00e9e au Canada \u00bb, stimuler la transformation num\u00e9rique et tirer parti des outils num\u00e9riques pour renforcer l\u2019innovation et la productivit\u00e9 canadiennes, ainsi que promouvoir la mobilit\u00e9 interprovinciale des apprenants et des titres de comp\u00e9tences pour b\u00e2tir une \u00e9conomie canadienne connect\u00e9e et concurrentielle.<\/span><span data-ccp-props=\"{&quot;335559738&quot;:240,&quot;335559739&quot;:240}\">\u00a0<\/span><\/li>\n<\/ul>\n<p><span data-contrast=\"auto\">Quel en a \u00e9t\u00e9 le r\u00e9sultat? Un esprit renouvel\u00e9 d\u2019unit\u00e9 et d\u2019urgence, qui inspire des mesures audacieuses pour le Canada.<\/span><\/p>\n<p><span data-contrast=\"auto\">Quelques-unes des id\u00e9es\u202f:\u00a0\u00a0<\/span><span data-ccp-props=\"{&quot;134233279&quot;:true,&quot;335559738&quot;:240,&quot;335559739&quot;:240}\">\u00a0<\/span><\/p>\n<ul>\n<li data-leveltext=\"\uf0b7\" data-font=\"Symbol\" data-listid=\"11\" data-list-defn-props=\"{&quot;335552541&quot;:1,&quot;335559685&quot;:720,&quot;335559991&quot;:360,&quot;469769226&quot;:&quot;Symbol&quot;,&quot;469769242&quot;:[8226],&quot;469777803&quot;:&quot;left&quot;,&quot;469777804&quot;:&quot;\uf0b7&quot;,&quot;469777815&quot;:&quot;hybridMultilevel&quot;}\" aria-setsize=\"-1\" data-aria-posinset=\"1\" data-aria-level=\"1\"><b><span data-contrast=\"auto\">Renforcer les programmes<\/span><\/b><span data-contrast=\"auto\"> \u00e0 partir de donn\u00e9es en temps r\u00e9el sur le march\u00e9 du travail et de partenariats avec l\u2019industrie.<\/span><span data-ccp-props=\"{}\">\u00a0<\/span><\/li>\n<\/ul>\n<ul>\n<li data-leveltext=\"\uf0b7\" data-font=\"Symbol\" data-listid=\"11\" data-list-defn-props=\"{&quot;335552541&quot;:1,&quot;335559685&quot;:720,&quot;335559991&quot;:360,&quot;469769226&quot;:&quot;Symbol&quot;,&quot;469769242&quot;:[8226],&quot;469777803&quot;:&quot;left&quot;,&quot;469777804&quot;:&quot;\uf0b7&quot;,&quot;469777815&quot;:&quot;hybridMultilevel&quot;}\" aria-setsize=\"-1\" data-aria-posinset=\"2\" data-aria-level=\"1\"><b><span data-contrast=\"auto\">Concevoir de nouveaux mod\u00e8les<\/span><\/b><span data-contrast=\"auto\"> \u00e0 l\u2019appui des microcertifications, de l\u2019apprentissage modulaire et de l\u2019\u00e9valuation et reconnaissance des acquis (\u00c9RA).<\/span><span data-ccp-props=\"{&quot;335559738&quot;:240,&quot;335559739&quot;:240}\">\u00a0<\/span><\/li>\n<\/ul>\n<ul>\n<li data-leveltext=\"\uf0b7\" data-font=\"Symbol\" data-listid=\"11\" data-list-defn-props=\"{&quot;335552541&quot;:1,&quot;335559685&quot;:720,&quot;335559991&quot;:360,&quot;469769226&quot;:&quot;Symbol&quot;,&quot;469769242&quot;:[8226],&quot;469777803&quot;:&quot;left&quot;,&quot;469777804&quot;:&quot;\uf0b7&quot;,&quot;469777815&quot;:&quot;hybridMultilevel&quot;}\" aria-setsize=\"-1\" data-aria-posinset=\"3\" data-aria-level=\"1\"><b><span data-contrast=\"auto\">Accompagner les apprenantes et apprenants non traditionnels<\/span><\/b><span data-contrast=\"auto\"> au travers d\u2019aides financi\u00e8res \u00e9largies et de parcours flexibles.<\/span><span data-ccp-props=\"{&quot;335559738&quot;:240,&quot;335559739&quot;:240}\">\u00a0<\/span><\/li>\n<\/ul>\n<ul>\n<li data-leveltext=\"\uf0b7\" data-font=\"Symbol\" data-listid=\"11\" data-list-defn-props=\"{&quot;335552541&quot;:1,&quot;335559685&quot;:720,&quot;335559991&quot;:360,&quot;469769226&quot;:&quot;Symbol&quot;,&quot;469769242&quot;:[8226],&quot;469777803&quot;:&quot;left&quot;,&quot;469777804&quot;:&quot;\uf0b7&quot;,&quot;469777815&quot;:&quot;hybridMultilevel&quot;}\" aria-setsize=\"-1\" data-aria-posinset=\"4\" data-aria-level=\"1\"><span data-contrast=\"auto\">\u00c9largir des initiatives nationales telles que les <\/span><i><span data-contrast=\"auto\">Campus connect\u00e9s pour les militaires<\/span><\/i><span data-contrast=\"auto\"> afin d\u2019augmenter les inscriptions et de mieux r\u00e9pondre aux besoins du Canada en mati\u00e8re de d\u00e9fense et de main-d\u2019\u0153uvre civile.<\/span><span data-ccp-props=\"{&quot;335559738&quot;:240,&quot;335559739&quot;:240}\">\u00a0<\/span><\/li>\n<\/ul>\n<ul>\n<li data-leveltext=\"\uf0b7\" data-font=\"Symbol\" data-listid=\"11\" data-list-defn-props=\"{&quot;335552541&quot;:1,&quot;335559685&quot;:720,&quot;335559991&quot;:360,&quot;469769226&quot;:&quot;Symbol&quot;,&quot;469769242&quot;:[8226],&quot;469777803&quot;:&quot;left&quot;,&quot;469777804&quot;:&quot;\uf0b7&quot;,&quot;469777815&quot;:&quot;hybridMultilevel&quot;}\" aria-setsize=\"-1\" data-aria-posinset=\"5\" data-aria-level=\"1\"><b><span data-contrast=\"auto\">Donner aux enseignants et au personnel<\/span><\/b><span data-contrast=\"auto\"> les moyens de porter l\u2019innovation num\u00e9rique gr\u00e2ce \u00e0 une formation dispens\u00e9e par leurs pairs.<\/span><span data-ccp-props=\"{&quot;335559738&quot;:240,&quot;335559739&quot;:240}\">\u00a0<\/span><\/li>\n<\/ul>\n<ul>\n<li data-leveltext=\"\uf0b7\" data-font=\"Symbol\" data-listid=\"3\" data-list-defn-props=\"{&quot;335552541&quot;:1,&quot;335559685&quot;:720,&quot;335559991&quot;:360,&quot;469769226&quot;:&quot;Symbol&quot;,&quot;469769242&quot;:[8226],&quot;469777803&quot;:&quot;left&quot;,&quot;469777804&quot;:&quot;\uf0b7&quot;,&quot;469777815&quot;:&quot;hybridMultilevel&quot;}\" aria-setsize=\"-1\" data-aria-posinset=\"1\" data-aria-level=\"1\"><b><span data-contrast=\"auto\">\u00c9quilibrer l\u2019enseignement num\u00e9rique<\/span><\/b><span data-contrast=\"auto\"> et l\u2019apprentissage pratique pour r\u00e9pondre aux besoins diversifi\u00e9s des apprenantes et apprenants.<\/span><span data-ccp-props=\"{&quot;335559738&quot;:240,&quot;335559739&quot;:240}\">\u00a0<\/span><\/li>\n<\/ul>\n<ul>\n<li data-leveltext=\"\uf0b7\" data-font=\"Symbol\" data-listid=\"3\" data-list-defn-props=\"{&quot;335552541&quot;:1,&quot;335559685&quot;:720,&quot;335559991&quot;:360,&quot;469769226&quot;:&quot;Symbol&quot;,&quot;469769242&quot;:[8226],&quot;469777803&quot;:&quot;left&quot;,&quot;469777804&quot;:&quot;\uf0b7&quot;,&quot;469777815&quot;:&quot;hybridMultilevel&quot;}\" aria-setsize=\"-1\" data-aria-posinset=\"2\" data-aria-level=\"1\"><b><span data-contrast=\"auto\">Tirer parti d\u2019outils sectoriels<\/span><\/b><span data-contrast=\"auto\"> tels que Campus num\u00e9rique Canada et la Coalition canadienne pour un apprentissage abordable afin de favoriser l\u2019acc\u00e8s, l\u2019efficacit\u00e9 et l\u2019innovation.<\/span><span data-ccp-props=\"{&quot;335559738&quot;:240,&quot;335559739&quot;:240}\">\u00a0<\/span><\/li>\n<\/ul>\n<ul>\n<li data-leveltext=\"\uf0b7\" data-font=\"Symbol\" data-listid=\"3\" data-list-defn-props=\"{&quot;335552541&quot;:1,&quot;335559685&quot;:720,&quot;335559991&quot;:360,&quot;469769226&quot;:&quot;Symbol&quot;,&quot;469769242&quot;:[8226],&quot;469777803&quot;:&quot;left&quot;,&quot;469777804&quot;:&quot;\uf0b7&quot;,&quot;469777815&quot;:&quot;hybridMultilevel&quot;}\" aria-setsize=\"-1\" data-aria-posinset=\"3\" data-aria-level=\"1\"><b><span data-contrast=\"auto\">Permettre aux apprenantes et apprenants<\/span><\/b><span data-contrast=\"auto\"> de trouver plus facilement des programmes et des carri\u00e8res gr\u00e2ce \u00e0 des outils num\u00e9riques et \u00e0 des donn\u00e9es sur le march\u00e9 du travail.<\/span><span data-ccp-props=\"{&quot;335559738&quot;:240,&quot;335559739&quot;:240}\">\u00a0<\/span><\/li>\n<\/ul>\n<ul>\n<li data-leveltext=\"\uf0b7\" data-font=\"Symbol\" data-listid=\"3\" data-list-defn-props=\"{&quot;335552541&quot;:1,&quot;335559685&quot;:720,&quot;335559991&quot;:360,&quot;469769226&quot;:&quot;Symbol&quot;,&quot;469769242&quot;:[8226],&quot;469777803&quot;:&quot;left&quot;,&quot;469777804&quot;:&quot;\uf0b7&quot;,&quot;469777815&quot;:&quot;hybridMultilevel&quot;}\" aria-setsize=\"-1\" data-aria-posinset=\"4\" data-aria-level=\"1\"><b><span data-contrast=\"auto\">Plaider en faveur d\u2019une coordination nationale<\/span><\/b><span data-contrast=\"auto\"> en mati\u00e8re de reconnaissance des dipl\u00f4mes et des comp\u00e9tences.<\/span><span data-ccp-props=\"{&quot;335559738&quot;:240,&quot;335559739&quot;:240}\">\u00a0<\/span><\/li>\n<\/ul>\n<ul>\n<li data-leveltext=\"\uf0b7\" data-font=\"Symbol\" data-listid=\"25\" data-list-defn-props=\"{&quot;335552541&quot;:1,&quot;335559685&quot;:720,&quot;335559991&quot;:360,&quot;469769226&quot;:&quot;Symbol&quot;,&quot;469769242&quot;:[8226],&quot;469777803&quot;:&quot;left&quot;,&quot;469777804&quot;:&quot;\uf0b7&quot;,&quot;469777815&quot;:&quot;hybridMultilevel&quot;}\" aria-setsize=\"-1\" data-aria-posinset=\"1\" data-aria-level=\"1\"><b><span data-contrast=\"auto\">Mettre \u00e0 l\u2019essai des mod\u00e8les innovants<\/span><\/b><span data-contrast=\"auto\"> tels que Authentic Competency Evaluation (ACE), un projet men\u00e9 par Atlantic Colleges Atlantique (ACA) qui \u00e9value les comp\u00e9tences r\u00e9elles et non pas uniquement le temps pass\u00e9 en classe.<\/span><span data-ccp-props=\"{&quot;335559738&quot;:240,&quot;335559739&quot;:240}\">\u00a0<\/span><\/li>\n<\/ul>\n<ul>\n<li data-leveltext=\"\uf0b7\" data-font=\"Symbol\" data-listid=\"25\" data-list-defn-props=\"{&quot;335552541&quot;:1,&quot;335559685&quot;:720,&quot;335559991&quot;:360,&quot;469769226&quot;:&quot;Symbol&quot;,&quot;469769242&quot;:[8226],&quot;469777803&quot;:&quot;left&quot;,&quot;469777804&quot;:&quot;\uf0b7&quot;,&quot;469777815&quot;:&quot;hybridMultilevel&quot;}\" aria-setsize=\"-1\" data-aria-posinset=\"2\" data-aria-level=\"1\"><b><span data-contrast=\"auto\">Former des coalitions r\u00e9gionales et nationales<\/span><\/b><span data-contrast=\"auto\"> pour donner une impulsion politique, \u00e9changer les meilleures pratiques et acc\u00e9l\u00e9rer le changement.<\/span><span data-ccp-props=\"{&quot;335559738&quot;:240,&quot;335559739&quot;:240}\">\u00a0<\/span><\/li>\n<\/ul>\n<ul>\n<li data-leveltext=\"\uf0b7\" data-font=\"Symbol\" data-listid=\"25\" data-list-defn-props=\"{&quot;335552541&quot;:1,&quot;335559685&quot;:720,&quot;335559991&quot;:360,&quot;469769226&quot;:&quot;Symbol&quot;,&quot;469769242&quot;:[8226],&quot;469777803&quot;:&quot;left&quot;,&quot;469777804&quot;:&quot;\uf0b7&quot;,&quot;469777815&quot;:&quot;hybridMultilevel&quot;}\" aria-setsize=\"-1\" data-aria-posinset=\"3\" data-aria-level=\"1\"><b><span data-contrast=\"auto\">Donner la priorit\u00e9 \u00e0 des solutions inclusives<\/span><\/b><span data-contrast=\"auto\"> qui fonctionnent pour les apprenantes et apprenants non traditionnels, marginalis\u00e9s et mobiles.<\/span><span data-ccp-props=\"{&quot;335559738&quot;:240,&quot;335559739&quot;:240}\">\u00a0<\/span><\/li>\n<\/ul>\n<h2>La route \u00e0 suivre<\/h2>\n<p><span data-contrast=\"auto\">Il s\u2019agit ici d\u2019un nouveau chapitre pour le Canada et notre secteur. Les Canadiennes et Canadiens ont besoin de changement, de garanties et de confiance \u00e0 l\u2019\u00e9gard des \u00e9tablissements publics apr\u00e8s ce qui a \u00e9t\u00e9 qualifi\u00e9 de scrutin le plus important depuis la fin de la Seconde Guerre mondiale. Et notre secteur occupe une place pr\u00e9pond\u00e9rante dans ce contexte national.<\/span><\/p>\n<p><span data-contrast=\"auto\">Les coll\u00e8ges, instituts, c\u00e9geps et \u00e9tablissements polytechniques publics du Canada jouent un r\u00f4le de premier ordre pour pouvoir construire et fabriquer au pays. Nous ouvrons la voie \u00e0 de belles carri\u00e8res dans les m\u00e9tiers sp\u00e9cialis\u00e9s et assurons une croissance exponentielle des talents et de la mobilit\u00e9 de la main-d\u2019\u0153uvre qualifi\u00e9e n\u00e9cessaire aux secteurs d\u2019importance nationale cruciale. Nous sommes des partenaires essentiels pour stimuler la productivit\u00e9 des PME canadiennes gr\u00e2ce \u00e0 l\u2019adoption de l\u2019IA, \u00e0 la recherche appliqu\u00e9e et \u00e0 l\u2019innovation \u00e0 grande \u00e9chelle, ainsi que pour renforcer la s\u00e9curit\u00e9 nationale et la capacit\u00e9 de d\u00e9fense du Canada par des partenariats de formation.<\/span><\/p>\n<p><span data-contrast=\"auto\">Investir dans la capacit\u00e9 et l\u2019expertise de nos \u00e9tablissements est non seulement une bonne politique, mais aussi une n\u00e9cessit\u00e9 pour l\u2019avenir du Canada. Que ce soit pour construire et fabriquer des biens chez nous, d\u00e9velopper une main-d\u2019\u0153uvre et une \u00e9conomie plus comp\u00e9titives et plus productives, ou renforcer le commerce mondial, notre secteur est au c\u0153ur de toutes ces initiatives.<\/span><\/p>\n","protected":false},"excerpt":{"rendered":"<p>En un peu plus de deux semaines depuis son \u00e9lection, le premier ministre Mark Carney a d\u00e9j\u00e0 trac\u00e9 des objectifs ambitieux, notamment en mati\u00e8re de construction de logements, d\u2019am\u00e9lioration de&#8230;<\/p>\n","protected":false},"author":13,"featured_media":35378,"comment_status":"closed","ping_status":"closed","sticky":false,"template":"","format":"standard","meta":{"_acf_changed":false,"footnotes":""},"categories":[396,951,952,395],"tags":[1240,1227,1017,1146,1122,1237,1239,1238],"class_list":["post-35376","post","type-post","status-publish","format-standard","has-post-thumbnail","hentry","category-construire-les-campus-du-futur","category-cultiver-les-talents-du-21e-siecle","category-intensifier-notre-implication-au-niveau-mondial","category-stimuler-linnovation","tag-construction-fr","tag-equipe-canada","tag-innovation-fr","tag-logement","tag-recherche-appliquee","tag-securite","tag-sommet-des-leaders","tag-technologie"],"acf":[],"yoast_head":"<!-- This site is optimized with the Yoast SEO plugin v27.4 - https:\/\/yoast.com\/product\/yoast-seo-wordpress\/ -->\n<title>C\u2019est le moment, c\u2019est l\u2019instant\u202f: Des mesures audacieuses pour le Canada - Colleges and Institutes Canada<\/title>\n<meta name=\"robots\" content=\"index, follow, max-snippet:-1, max-image-preview:large, max-video-preview:-1\" \/>\n<link rel=\"canonical\" href=\"https:\/\/www.collegesinstitutes.ca\/fr\/cest-le-moment-cest-linstant-des-mesures-audacieuses-pour-le-canada\/\" \/>\n<meta property=\"og:locale\" content=\"fr_FR\" \/>\n<meta property=\"og:type\" content=\"article\" \/>\n<meta property=\"og:title\" content=\"C\u2019est le moment, c\u2019est l\u2019instant\u202f: Des mesures audacieuses pour le Canada - Colleges and Institutes Canada\" \/>\n<meta property=\"og:description\" content=\"En un peu plus de deux semaines depuis son \u00e9lection, le premier ministre Mark Carney a d\u00e9j\u00e0 trac\u00e9 des objectifs ambitieux, notamment en mati\u00e8re de construction de logements, d\u2019am\u00e9lioration de...\" \/>\n<meta property=\"og:url\" content=\"https:\/\/www.collegesinstitutes.ca\/fr\/cest-le-moment-cest-linstant-des-mesures-audacieuses-pour-le-canada\/\" \/>\n<meta property=\"og:site_name\" content=\"Colleges and Institutes Canada\" \/>\n<meta property=\"article:published_time\" content=\"2025-05-14T16:02:47+00:00\" \/>\n<meta property=\"article:modified_time\" content=\"2025-05-14T16:08:17+00:00\" \/>\n<meta property=\"og:image\" content=\"https:\/\/www.collegesinstitutes.ca\/wp-content\/uploads\/2025\/05\/header-img-bold-action.png\" \/>\n\t<meta property=\"og:image:width\" content=\"1200\" \/>\n\t<meta property=\"og:image:height\" content=\"627\" \/>\n\t<meta property=\"og:image:type\" content=\"image\/png\" \/>\n<meta name=\"author\" content=\"Justin Hand-Gregory\" \/>\n<meta name=\"twitter:card\" content=\"summary_large_image\" \/>\n<meta name=\"twitter:label1\" content=\"Written by\" \/>\n\t<meta name=\"twitter:data1\" content=\"Justin Hand-Gregory\" \/>\n\t<meta name=\"twitter:label2\" content=\"Est. reading time\" \/>\n\t<meta name=\"twitter:data2\" content=\"4 minutes\" \/>\n<script type=\"application\/ld+json\" class=\"yoast-schema-graph\">{\"@context\":\"https:\\\/\\\/schema.org\",\"@graph\":[{\"@type\":\"Article\",\"@id\":\"https:\\\/\\\/www.collegesinstitutes.ca\\\/fr\\\/cest-le-moment-cest-linstant-des-mesures-audacieuses-pour-le-canada\\\/#article\",\"isPartOf\":{\"@id\":\"https:\\\/\\\/www.collegesinstitutes.ca\\\/fr\\\/cest-le-moment-cest-linstant-des-mesures-audacieuses-pour-le-canada\\\/\"},\"author\":{\"name\":\"Justin Hand-Gregory\",\"@id\":\"https:\\\/\\\/www.collegesinstitutes.ca\\\/fr\\\/#\\\/schema\\\/person\\\/8a653b0e1057192e24484ec99811ebde\"},\"headline\":\"C\u2019est le moment, c\u2019est l\u2019instant\u202f: Des mesures audacieuses pour le Canada\",\"datePublished\":\"2025-05-14T16:02:47+00:00\",\"dateModified\":\"2025-05-14T16:08:17+00:00\",\"mainEntityOfPage\":{\"@id\":\"https:\\\/\\\/www.collegesinstitutes.ca\\\/fr\\\/cest-le-moment-cest-linstant-des-mesures-audacieuses-pour-le-canada\\\/\"},\"wordCount\":838,\"publisher\":{\"@id\":\"https:\\\/\\\/www.collegesinstitutes.ca\\\/fr\\\/#organization\"},\"image\":{\"@id\":\"https:\\\/\\\/www.collegesinstitutes.ca\\\/fr\\\/cest-le-moment-cest-linstant-des-mesures-audacieuses-pour-le-canada\\\/#primaryimage\"},\"thumbnailUrl\":\"https:\\\/\\\/www.collegesinstitutes.ca\\\/wp-content\\\/uploads\\\/2025\\\/05\\\/header-img-bold-action.png\",\"keywords\":[\"construction\",\"\u00c9quipe Canada\",\"innovation\",\"Logement\",\"recherche appliqu\u00e9e\",\"S\u00e9curit\u00e9\",\"Sommet des leaders\",\"Technologie\"],\"articleSection\":[\"Construire les campus du futur\",\"Cultiver les talents du 21e si\u00e8cle\",\"Intensifier notre implication au niveau mondial\",\"Stimuler l\u2019innovation\"],\"inLanguage\":\"fr-FR\"},{\"@type\":\"WebPage\",\"@id\":\"https:\\\/\\\/www.collegesinstitutes.ca\\\/fr\\\/cest-le-moment-cest-linstant-des-mesures-audacieuses-pour-le-canada\\\/\",\"url\":\"https:\\\/\\\/www.collegesinstitutes.ca\\\/fr\\\/cest-le-moment-cest-linstant-des-mesures-audacieuses-pour-le-canada\\\/\",\"name\":\"C\u2019est le moment, c\u2019est l\u2019instant\u202f: Des mesures audacieuses pour le Canada - Colleges and Institutes Canada\",\"isPartOf\":{\"@id\":\"https:\\\/\\\/www.collegesinstitutes.ca\\\/fr\\\/#website\"},\"primaryImageOfPage\":{\"@id\":\"https:\\\/\\\/www.collegesinstitutes.ca\\\/fr\\\/cest-le-moment-cest-linstant-des-mesures-audacieuses-pour-le-canada\\\/#primaryimage\"},\"image\":{\"@id\":\"https:\\\/\\\/www.collegesinstitutes.ca\\\/fr\\\/cest-le-moment-cest-linstant-des-mesures-audacieuses-pour-le-canada\\\/#primaryimage\"},\"thumbnailUrl\":\"https:\\\/\\\/www.collegesinstitutes.ca\\\/wp-content\\\/uploads\\\/2025\\\/05\\\/header-img-bold-action.png\",\"datePublished\":\"2025-05-14T16:02:47+00:00\",\"dateModified\":\"2025-05-14T16:08:17+00:00\",\"breadcrumb\":{\"@id\":\"https:\\\/\\\/www.collegesinstitutes.ca\\\/fr\\\/cest-le-moment-cest-linstant-des-mesures-audacieuses-pour-le-canada\\\/#breadcrumb\"},\"inLanguage\":\"fr-FR\",\"potentialAction\":[{\"@type\":\"ReadAction\",\"target\":[\"https:\\\/\\\/www.collegesinstitutes.ca\\\/fr\\\/cest-le-moment-cest-linstant-des-mesures-audacieuses-pour-le-canada\\\/\"]}]},{\"@type\":\"ImageObject\",\"inLanguage\":\"fr-FR\",\"@id\":\"https:\\\/\\\/www.collegesinstitutes.ca\\\/fr\\\/cest-le-moment-cest-linstant-des-mesures-audacieuses-pour-le-canada\\\/#primaryimage\",\"url\":\"https:\\\/\\\/www.collegesinstitutes.ca\\\/wp-content\\\/uploads\\\/2025\\\/05\\\/header-img-bold-action.png\",\"contentUrl\":\"https:\\\/\\\/www.collegesinstitutes.ca\\\/wp-content\\\/uploads\\\/2025\\\/05\\\/header-img-bold-action.png\",\"width\":1200,\"height\":627},{\"@type\":\"BreadcrumbList\",\"@id\":\"https:\\\/\\\/www.collegesinstitutes.ca\\\/fr\\\/cest-le-moment-cest-linstant-des-mesures-audacieuses-pour-le-canada\\\/#breadcrumb\",\"itemListElement\":[{\"@type\":\"ListItem\",\"position\":1,\"name\":\"Home\",\"item\":\"https:\\\/\\\/www.collegesinstitutes.ca\\\/fr\\\/\"},{\"@type\":\"ListItem\",\"position\":2,\"name\":\"C\u2019est le moment, c\u2019est l\u2019instant\u202f: Des mesures audacieuses pour le Canada\"}]},{\"@type\":\"WebSite\",\"@id\":\"https:\\\/\\\/www.collegesinstitutes.ca\\\/fr\\\/#website\",\"url\":\"https:\\\/\\\/www.collegesinstitutes.ca\\\/fr\\\/\",\"name\":\"Colleges and Institutes Canada\",\"description\":\"The Voice of Canada&#039;s Colleges &amp; Institutes\",\"publisher\":{\"@id\":\"https:\\\/\\\/www.collegesinstitutes.ca\\\/fr\\\/#organization\"},\"potentialAction\":[{\"@type\":\"SearchAction\",\"target\":{\"@type\":\"EntryPoint\",\"urlTemplate\":\"https:\\\/\\\/www.collegesinstitutes.ca\\\/fr\\\/?s={search_term_string}\"},\"query-input\":{\"@type\":\"PropertyValueSpecification\",\"valueRequired\":true,\"valueName\":\"search_term_string\"}}],\"inLanguage\":\"fr-FR\"},{\"@type\":\"Organization\",\"@id\":\"https:\\\/\\\/www.collegesinstitutes.ca\\\/fr\\\/#organization\",\"name\":\"Colleges and Institutes Canada\",\"url\":\"https:\\\/\\\/www.collegesinstitutes.ca\\\/fr\\\/\",\"logo\":{\"@type\":\"ImageObject\",\"inLanguage\":\"fr-FR\",\"@id\":\"https:\\\/\\\/www.collegesinstitutes.ca\\\/fr\\\/#\\\/schema\\\/logo\\\/image\\\/\",\"url\":\"https:\\\/\\\/www.collegesinstitutes.ca\\\/wp-content\\\/uploads\\\/2025\\\/06\\\/logo-en.png\",\"contentUrl\":\"https:\\\/\\\/www.collegesinstitutes.ca\\\/wp-content\\\/uploads\\\/2025\\\/06\\\/logo-en.png\",\"width\":794,\"height\":280,\"caption\":\"Colleges and Institutes Canada\"},\"image\":{\"@id\":\"https:\\\/\\\/www.collegesinstitutes.ca\\\/fr\\\/#\\\/schema\\\/logo\\\/image\\\/\"}},{\"@type\":\"Person\",\"@id\":\"https:\\\/\\\/www.collegesinstitutes.ca\\\/fr\\\/#\\\/schema\\\/person\\\/8a653b0e1057192e24484ec99811ebde\",\"name\":\"Justin Hand-Gregory\",\"url\":\"https:\\\/\\\/www.collegesinstitutes.ca\\\/fr\\\/author\\\/jhandgregory\\\/\"}]}<\/script>\n<!-- \/ Yoast SEO plugin. -->","yoast_head_json":{"title":"C\u2019est le moment, c\u2019est l\u2019instant\u202f: Des mesures audacieuses pour le Canada - Colleges and Institutes Canada","robots":{"index":"index","follow":"follow","max-snippet":"max-snippet:-1","max-image-preview":"max-image-preview:large","max-video-preview":"max-video-preview:-1"},"canonical":"https:\/\/www.collegesinstitutes.ca\/fr\/cest-le-moment-cest-linstant-des-mesures-audacieuses-pour-le-canada\/","og_locale":"fr_FR","og_type":"article","og_title":"C\u2019est le moment, c\u2019est l\u2019instant\u202f: Des mesures audacieuses pour le Canada - Colleges and Institutes Canada","og_description":"En un peu plus de deux semaines depuis son \u00e9lection, le premier ministre Mark Carney a d\u00e9j\u00e0 trac\u00e9 des objectifs ambitieux, notamment en mati\u00e8re de construction de logements, d\u2019am\u00e9lioration de...","og_url":"https:\/\/www.collegesinstitutes.ca\/fr\/cest-le-moment-cest-linstant-des-mesures-audacieuses-pour-le-canada\/","og_site_name":"Colleges and Institutes Canada","article_published_time":"2025-05-14T16:02:47+00:00","article_modified_time":"2025-05-14T16:08:17+00:00","og_image":[{"width":1200,"height":627,"url":"https:\/\/www.collegesinstitutes.ca\/wp-content\/uploads\/2025\/05\/header-img-bold-action.png","type":"image\/png"}],"author":"Justin Hand-Gregory","twitter_card":"summary_large_image","twitter_misc":{"Written by":"Justin Hand-Gregory","Est. reading time":"4 minutes"},"schema":{"@context":"https:\/\/schema.org","@graph":[{"@type":"Article","@id":"https:\/\/www.collegesinstitutes.ca\/fr\/cest-le-moment-cest-linstant-des-mesures-audacieuses-pour-le-canada\/#article","isPartOf":{"@id":"https:\/\/www.collegesinstitutes.ca\/fr\/cest-le-moment-cest-linstant-des-mesures-audacieuses-pour-le-canada\/"},"author":{"name":"Justin Hand-Gregory","@id":"https:\/\/www.collegesinstitutes.ca\/fr\/#\/schema\/person\/8a653b0e1057192e24484ec99811ebde"},"headline":"C\u2019est le moment, c\u2019est l\u2019instant\u202f: Des mesures audacieuses pour le Canada","datePublished":"2025-05-14T16:02:47+00:00","dateModified":"2025-05-14T16:08:17+00:00","mainEntityOfPage":{"@id":"https:\/\/www.collegesinstitutes.ca\/fr\/cest-le-moment-cest-linstant-des-mesures-audacieuses-pour-le-canada\/"},"wordCount":838,"publisher":{"@id":"https:\/\/www.collegesinstitutes.ca\/fr\/#organization"},"image":{"@id":"https:\/\/www.collegesinstitutes.ca\/fr\/cest-le-moment-cest-linstant-des-mesures-audacieuses-pour-le-canada\/#primaryimage"},"thumbnailUrl":"https:\/\/www.collegesinstitutes.ca\/wp-content\/uploads\/2025\/05\/header-img-bold-action.png","keywords":["construction","\u00c9quipe Canada","innovation","Logement","recherche appliqu\u00e9e","S\u00e9curit\u00e9","Sommet des leaders","Technologie"],"articleSection":["Construire les campus du futur","Cultiver les talents du 21e si\u00e8cle","Intensifier notre implication au niveau mondial","Stimuler l\u2019innovation"],"inLanguage":"fr-FR"},{"@type":"WebPage","@id":"https:\/\/www.collegesinstitutes.ca\/fr\/cest-le-moment-cest-linstant-des-mesures-audacieuses-pour-le-canada\/","url":"https:\/\/www.collegesinstitutes.ca\/fr\/cest-le-moment-cest-linstant-des-mesures-audacieuses-pour-le-canada\/","name":"C\u2019est le moment, c\u2019est l\u2019instant\u202f: Des mesures audacieuses pour le Canada - Colleges and Institutes Canada","isPartOf":{"@id":"https:\/\/www.collegesinstitutes.ca\/fr\/#website"},"primaryImageOfPage":{"@id":"https:\/\/www.collegesinstitutes.ca\/fr\/cest-le-moment-cest-linstant-des-mesures-audacieuses-pour-le-canada\/#primaryimage"},"image":{"@id":"https:\/\/www.collegesinstitutes.ca\/fr\/cest-le-moment-cest-linstant-des-mesures-audacieuses-pour-le-canada\/#primaryimage"},"thumbnailUrl":"https:\/\/www.collegesinstitutes.ca\/wp-content\/uploads\/2025\/05\/header-img-bold-action.png","datePublished":"2025-05-14T16:02:47+00:00","dateModified":"2025-05-14T16:08:17+00:00","breadcrumb":{"@id":"https:\/\/www.collegesinstitutes.ca\/fr\/cest-le-moment-cest-linstant-des-mesures-audacieuses-pour-le-canada\/#breadcrumb"},"inLanguage":"fr-FR","potentialAction":[{"@type":"ReadAction","target":["https:\/\/www.collegesinstitutes.ca\/fr\/cest-le-moment-cest-linstant-des-mesures-audacieuses-pour-le-canada\/"]}]},{"@type":"ImageObject","inLanguage":"fr-FR","@id":"https:\/\/www.collegesinstitutes.ca\/fr\/cest-le-moment-cest-linstant-des-mesures-audacieuses-pour-le-canada\/#primaryimage","url":"https:\/\/www.collegesinstitutes.ca\/wp-content\/uploads\/2025\/05\/header-img-bold-action.png","contentUrl":"https:\/\/www.collegesinstitutes.ca\/wp-content\/uploads\/2025\/05\/header-img-bold-action.png","width":1200,"height":627},{"@type":"BreadcrumbList","@id":"https:\/\/www.collegesinstitutes.ca\/fr\/cest-le-moment-cest-linstant-des-mesures-audacieuses-pour-le-canada\/#breadcrumb","itemListElement":[{"@type":"ListItem","position":1,"name":"Home","item":"https:\/\/www.collegesinstitutes.ca\/fr\/"},{"@type":"ListItem","position":2,"name":"C\u2019est le moment, c\u2019est l\u2019instant\u202f: Des mesures audacieuses pour le Canada"}]},{"@type":"WebSite","@id":"https:\/\/www.collegesinstitutes.ca\/fr\/#website","url":"https:\/\/www.collegesinstitutes.ca\/fr\/","name":"Colleges and Institutes Canada","description":"The Voice of Canada&#039;s Colleges &amp; Institutes","publisher":{"@id":"https:\/\/www.collegesinstitutes.ca\/fr\/#organization"},"potentialAction":[{"@type":"SearchAction","target":{"@type":"EntryPoint","urlTemplate":"https:\/\/www.collegesinstitutes.ca\/fr\/?s={search_term_string}"},"query-input":{"@type":"PropertyValueSpecification","valueRequired":true,"valueName":"search_term_string"}}],"inLanguage":"fr-FR"},{"@type":"Organization","@id":"https:\/\/www.collegesinstitutes.ca\/fr\/#organization","name":"Colleges and Institutes Canada","url":"https:\/\/www.collegesinstitutes.ca\/fr\/","logo":{"@type":"ImageObject","inLanguage":"fr-FR","@id":"https:\/\/www.collegesinstitutes.ca\/fr\/#\/schema\/logo\/image\/","url":"https:\/\/www.collegesinstitutes.ca\/wp-content\/uploads\/2025\/06\/logo-en.png","contentUrl":"https:\/\/www.collegesinstitutes.ca\/wp-content\/uploads\/2025\/06\/logo-en.png","width":794,"height":280,"caption":"Colleges and Institutes Canada"},"image":{"@id":"https:\/\/www.collegesinstitutes.ca\/fr\/#\/schema\/logo\/image\/"}},{"@type":"Person","@id":"https:\/\/www.collegesinstitutes.ca\/fr\/#\/schema\/person\/8a653b0e1057192e24484ec99811ebde","name":"Justin Hand-Gregory","url":"https:\/\/www.collegesinstitutes.ca\/fr\/author\/jhandgregory\/"}]}},"_links":{"self":[{"href":"https:\/\/www.collegesinstitutes.ca\/fr\/wp-json\/wp\/v2\/posts\/35376","targetHints":{"allow":["GET"]}}],"collection":[{"href":"https:\/\/www.collegesinstitutes.ca\/fr\/wp-json\/wp\/v2\/posts"}],"about":[{"href":"https:\/\/www.collegesinstitutes.ca\/fr\/wp-json\/wp\/v2\/types\/post"}],"author":[{"embeddable":true,"href":"https:\/\/www.collegesinstitutes.ca\/fr\/wp-json\/wp\/v2\/users\/13"}],"replies":[{"embeddable":true,"href":"https:\/\/www.collegesinstitutes.ca\/fr\/wp-json\/wp\/v2\/comments?post=35376"}],"version-history":[{"count":0,"href":"https:\/\/www.collegesinstitutes.ca\/fr\/wp-json\/wp\/v2\/posts\/35376\/revisions"}],"wp:featuredmedia":[{"embeddable":true,"href":"https:\/\/www.collegesinstitutes.ca\/fr\/wp-json\/wp\/v2\/media\/35378"}],"wp:attachment":[{"href":"https:\/\/www.collegesinstitutes.ca\/fr\/wp-json\/wp\/v2\/media?parent=35376"}],"wp:term":[{"taxonomy":"category","embeddable":true,"href":"https:\/\/www.collegesinstitutes.ca\/fr\/wp-json\/wp\/v2\/categories?post=35376"},{"taxonomy":"post_tag","embeddable":true,"href":"https:\/\/www.collegesinstitutes.ca\/fr\/wp-json\/wp\/v2\/tags?post=35376"}],"curies":[{"name":"wp","href":"https:\/\/api.w.org\/{rel}","templated":true}]}}