{"id":32303,"date":"2023-07-17T20:29:48","date_gmt":"2023-07-17T20:29:48","guid":{"rendered":"https:\/\/www.collegesinstitutes.ca\/?p=32303"},"modified":"2023-07-17T20:31:14","modified_gmt":"2023-07-17T20:31:14","slug":"de-limportance-des-metiers-specialises-pour-batir-un-avenir-durable-et-inclusif-odd-4-9-et-11","status":"publish","type":"post","link":"https:\/\/www.collegesinstitutes.ca\/fr\/de-limportance-des-metiers-specialises-pour-batir-un-avenir-durable-et-inclusif-odd-4-9-et-11\/","title":{"rendered":"De l\u2019importance des m\u00e9tiers sp\u00e9cialis\u00e9s pour b\u00e2tir un avenir durable et inclusif (ODD 4, 9 et 11)\u00a0"},"content":{"rendered":"<p><span data-contrast=\"none\">Le 15 juillet, nous avons c\u00e9l\u00e9br\u00e9 la Journ\u00e9e mondiale des comp\u00e9tences des jeunes. Celle-ci rappelle l\u2019importance strat\u00e9gique de donner aux jeunes des comp\u00e9tences pour l\u2019emploi, le travail d\u00e9cent et l\u2019entrepreneuriat. Le domaine des m\u00e9tiers sp\u00e9cialis\u00e9s est un des secteurs professionnels qui m\u00e9rite une attention particuli\u00e8re.\u00a0<\/span><span data-ccp-props=\"{&quot;201341983&quot;:0,&quot;335559739&quot;:160,&quot;335559740&quot;:259}\">\u00a0<\/span><\/p>\n<p><span data-contrast=\"none\">Il n\u2019y a jamais eu autant de demandes de travailleuses et travailleurs dans les m\u00e9tiers sp\u00e9cialis\u00e9s que de nos jours. Selon Statistique Canada, on estime que 700 000 travailleuses et travailleurs des m\u00e9tiers sp\u00e9cialis\u00e9s devraient prendre leur retraite entre 2019 et 2028. Faisant donc que le nombre de postes \u00e0 pourvoir ne cessera d\u2019augmenter.<\/span><span data-ccp-props=\"{&quot;201341983&quot;:0,&quot;335559739&quot;:160,&quot;335559740&quot;:259}\">\u00a0<\/span><\/p>\n<p><span data-contrast=\"none\">Bien que cela ne soit pas forc\u00e9ment \u00e9vident, les m\u00e9tiers sp\u00e9cialis\u00e9s jouent un r\u00f4le de plus en plus important dans la promotion du d\u00e9veloppement durable, qu\u2019il s\u2019agisse de la menuiserie, de la plomberie, de l\u2019\u00e9lectricit\u00e9 ou d\u2019autres domaines. Outre leur r\u00f4le de moteur de croissance \u00e9conomique, ils contribuent aussi \u00e0 la viabilit\u00e9 et \u00e0 la r\u00e9silience \u00e0 long terme de nos collectivit\u00e9s. Ils sont \u00e9galement essentiels pour faire progresser les technologies innovantes telles que les constructions \u00e0 haut rendement \u00e9nerg\u00e9tique, les installations d\u2019\u00e9nergie renouvelable et les technologies vertes. Ils nous aident ainsi \u00e0 nous rapprocher de nos objectifs de carboneutralit\u00e9.\u00a0<\/span><span data-ccp-props=\"{&quot;201341983&quot;:0,&quot;335559739&quot;:160,&quot;335559740&quot;:259}\">\u00a0<\/span><\/p>\n<p><b><span data-contrast=\"none\">Il est indispensable de reconna\u00eetre l\u2019importance cruciale des m\u00e9tiers sp\u00e9cialis\u00e9s pour assurer un avenir durable, ainsi que de motiver la prochaine g\u00e9n\u00e9ration de travailleuses et travailleurs de ce secteur.<\/span><\/b><\/p>\n<p><span data-contrast=\"none\">Ceci est particuli\u00e8rement vrai pour les groupes en qu\u00eate d\u2019\u00e9quit\u00e9. Il ne s\u2019agit l\u00e0 pas seulement d\u2019une question d\u2019\u00e9galit\u00e9, mais aussi d\u2019une \u00e9tape essentielle si l\u2019on veut b\u00e2tir un avenir plus solide et plus inclusif. Si nous puisons dans une plus grande r\u00e9serve de talents, nous pourrons am\u00e9liorer nos capacit\u00e9s de r\u00e9solution de probl\u00e8mes, r\u00e9pondre aux demandes du march\u00e9 du travail et <\/span><span data-contrast=\"auto\">for<\/span><span data-contrast=\"auto\">mer une main-d\u2019\u0153uvre qui refl\u00e8te v\u00e9ritablement la diversit\u00e9 de nos collectivit\u00e9s (<\/span><a href=\"https:\/\/www.collegesinstitutes.ca\/fr\/il-nous-faut-un-secteur-des-metiers-qualifies-representatif-de-la-diversite-de-nos-collectivites\/\"><span data-contrast=\"none\">tel que nous l\u2019expliquons ici<\/span><\/a><span data-contrast=\"auto\">).<\/span><span data-contrast=\"none\">\u00a0<\/span><span data-ccp-props=\"{&quot;201341983&quot;:0,&quot;335559739&quot;:160,&quot;335559740&quot;:259}\">\u00a0<\/span><\/p>\n<p><span data-contrast=\"none\">Les coll\u00e8ges et instituts sont des experts de l\u2019apprentissage pratique et proposent plus de 300 programmes de pr\u00e9apprentissage dans plus de 20 m\u00e9tiers sp\u00e9cialis\u00e9s. Plus de 80 de ces programmes ont \u00e9t\u00e9 con\u00e7us pour appuyer les groupes traditionnellement sous-repr\u00e9sent\u00e9s dans les m\u00e9tiers. CICan entend aider ses membres \u00e0 promouvoir et \u00e0 \u00e9laborer de tels programmes afin de b\u00e2tir un avenir durable et inclusif. Nous sommes d\u00e8s lors fiers de diriger le programme <\/span><a href=\"https:\/\/www.collegesinstitutes.ca\/fr\/?post_type=cicancorp_programs&#038;p=24454\"><span data-contrast=\"none\">Apprentissages Lancement de carri\u00e8re<\/span><\/a><span data-contrast=\"none\">. Ce dernier offre des incitatifs financiers aux petites et moyennes entreprises des secteurs de la construction et de la fabrication pour les aider \u00e0 embaucher des apprenties et apprentis de premi\u00e8re ann\u00e9e dans 39 m\u00e9tiers du Sceau rouge.<\/span><\/p>\n<p><b><span data-contrast=\"auto\">Nouveau programme national de remise sur les v\u00eatements de travail de s\u00e9curit\u00e9 pour les \u00e9tudiantes et \u00e9tudiants\u00a0<\/span><\/b><span data-ccp-props=\"{&quot;201341983&quot;:0,&quot;335559739&quot;:160,&quot;335559740&quot;:259}\">\u00a0<\/span><\/p>\n<p><span data-contrast=\"none\">S\u2019inscrivant dans cette initiative, CICan et L\u2019\u00c9quipeur commercial se sont associ\u00e9s pour accro\u00eetre la participation des groupes en qu\u00eate d\u2019\u00e9quit\u00e9 et pour am\u00e9liorer la s\u00e9curit\u00e9 dans les m\u00e9tiers sp\u00e9cialis\u00e9s. Toujours dans le cadre de ce partenariat, L\u2019\u00c9quipeur offre aux \u00e9tudiantes et \u00e9tudiants des \u00e9tablissements membres une remise exclusive de 20% sur les achats en magasin de v\u00eatements de travail de s\u00e9curit\u00e9 et d\u2019\u00e9quipements de protection individuelle. Un pourcentage des ventes r\u00e9sultant de ce partenariat sera ensuite r\u00e9investi dans des bourses d\u2019\u00e9tudes. <\/span><a href=\"https:\/\/analytics.clickdimensions.com\/collegesinstitutesca-aizmt\/pages\/9e3b2e26d824ee119cbe000d3a322c11.html?PageId=9e3b2e26d824ee119cbe000d3a322c11\"><span data-contrast=\"none\">Le code de r\u00e9duction est disponible ici.<\/span><\/a><span data-contrast=\"none\">\u00a0<\/span><span data-ccp-props=\"{&quot;201341983&quot;:0,&quot;335559739&quot;:160,&quot;335559740&quot;:259}\">\u00a0<\/span><\/p>\n<p><b><span data-contrast=\"auto\">Pour en savoir plus :<\/span><\/b><span data-ccp-props=\"{&quot;201341983&quot;:0,&quot;335559739&quot;:160,&quot;335559740&quot;:259}\">\u00a0<\/span><\/p>\n<ul>\n<li data-leveltext=\"\u00b7\" data-font=\"Symbol\" data-listid=\"2\" data-list-defn-props=\"{&quot;335552541&quot;:1,&quot;335559684&quot;:-2,&quot;335559685&quot;:720,&quot;335559991&quot;:360,&quot;469769226&quot;:&quot;Symbol&quot;,&quot;469769242&quot;:[8226],&quot;469777803&quot;:&quot;left&quot;,&quot;469777804&quot;:&quot;\u00b7&quot;,&quot;469777815&quot;:&quot;hybridMultilevel&quot;}\" aria-setsize=\"-1\" data-aria-posinset=\"1\" data-aria-level=\"1\"><b><span data-contrast=\"none\">Comment assurez-vous la p\u00e9rennit\u00e9 des m\u00e9tiers? <\/span><\/b><span data-contrast=\"none\">Pour r\u00e9pondre \u00e0 la demande de travailleuses et de travailleurs qualifi\u00e9s au Canada, il faut prendre des mesures plus efficaces pour attirer les personnes issues de groupes sous-repr\u00e9sent\u00e9s vers les programmes de pr\u00e9apprentissage et, par la suite, vers une carri\u00e8re prometteuse. C\u2019est l\u00e0 que nous entrons en sc\u00e8ne. <\/span><a href=\"https:\/\/www.collegesinstitutes.ca\/fr\/comment-assurez-vous-la-perennite-des-metiers\/\"><span data-contrast=\"none\">Lire la suite sur le blogue<\/span><\/a><span data-contrast=\"none\">.<\/span><\/li>\n<\/ul>\n<ul>\n<li data-leveltext=\"\u00b7\" data-font=\"Symbol\" data-listid=\"2\" data-list-defn-props=\"{&quot;335552541&quot;:1,&quot;335559684&quot;:-2,&quot;335559685&quot;:720,&quot;335559991&quot;:360,&quot;469769226&quot;:&quot;Symbol&quot;,&quot;469769242&quot;:[8226],&quot;469777803&quot;:&quot;left&quot;,&quot;469777804&quot;:&quot;\u00b7&quot;,&quot;469777815&quot;:&quot;hybridMultilevel&quot;}\" aria-setsize=\"-1\" data-aria-posinset=\"1\" data-aria-level=\"1\"><b><span data-contrast=\"none\">Les incitatifs financiers donnent des ailes aux PME <\/span><\/b><span data-contrast=\"none\">La p\u00e9nurie de main-d\u2019\u0153uvre dans les m\u00e9tiers sp\u00e9cialis\u00e9s est souvent qualifi\u00e9e de crise. En profitant des incitatifs financiers et des ressources de formation, les entreprises contribueront \u00e0 la croissance du secteur de la construction tout en favorisant l\u2019\u00e9mergence d\u2019une main-d\u2019\u0153uvre qualifi\u00e9e et engag\u00e9e. <\/span><a href=\"https:\/\/www.collegesinstitutes.ca\/fr\/les-incitatifs-financiers-donnent-des-ailes-aux-pme\/\"><span data-contrast=\"none\">\u00c9coutez le balado avec Ashley, de l\u2019\u00e9quipe du programme Apprentissages Lancement de carri\u00e8re<\/span><\/a><span data-contrast=\"none\">.<\/span><br \/>\n<span data-contrast=\"none\">\u00a0<\/span><span data-ccp-props=\"{&quot;201341983&quot;:0,&quot;335559739&quot;:160,&quot;335559740&quot;:259}\">\u00a0<\/span><\/li>\n<li data-leveltext=\"\u00b7\" data-font=\"Symbol\" data-listid=\"2\" data-list-defn-props=\"{&quot;335552541&quot;:1,&quot;335559684&quot;:-2,&quot;335559685&quot;:720,&quot;335559991&quot;:360,&quot;469769226&quot;:&quot;Symbol&quot;,&quot;469769242&quot;:[8226],&quot;469777803&quot;:&quot;left&quot;,&quot;469777804&quot;:&quot;\u00b7&quot;,&quot;469777815&quot;:&quot;hybridMultilevel&quot;}\" aria-setsize=\"-1\" data-aria-posinset=\"2\" data-aria-level=\"1\"><b><span data-contrast=\"none\">La litt\u00e9ratie verte : un nouveau regard sur les comp\u00e9tences. <\/span><\/b><span data-contrast=\"none\">B\u00e2tir un avenir durable consiste en partie \u00e0 doter les jeunes des comp\u00e9tences dont ils ont besoin pour obtenir des emplois verts. Un peu moins de 1 000 programmes de coll\u00e8ges et d\u2019instituts sont sp\u00e9cifiquement ax\u00e9s sur le d\u00e9veloppement durable, soit environ 10% de l\u2019ensemble de l\u2019offre. <\/span><a href=\"https:\/\/www.collegesinstitutes.ca\/fr\/la-litteratie-verte-un-nouveau-regard-sur-les-competences-odd-13\/\"><span data-contrast=\"none\">Lisez la suite sur le blogue<\/span><\/a><span data-contrast=\"none\">.<\/span><span data-ccp-props=\"{&quot;201341983&quot;:0,&quot;335559739&quot;:160,&quot;335559740&quot;:259}\">\u00a0<\/span><\/li>\n<\/ul>\n","protected":false},"excerpt":{"rendered":"<p>Le 15 juillet, nous avons c\u00e9l\u00e9br\u00e9 la Journ\u00e9e mondiale des comp\u00e9tences des jeunes. Celle-ci rappelle l\u2019importance strat\u00e9gique de donner aux jeunes des comp\u00e9tences pour l\u2019emploi, le travail d\u00e9cent et l\u2019entrepreneuriat&#8230;.<\/p>\n","protected":false},"author":11,"featured_media":32302,"comment_status":"closed","ping_status":"closed","sticky":false,"template":"","format":"standard","meta":{"_acf_changed":false,"footnotes":""},"categories":[951],"tags":[],"class_list":["post-32303","post","type-post","status-publish","format-standard","has-post-thumbnail","hentry","category-cultiver-les-talents-du-21e-siecle"],"acf":[],"yoast_head":"<!-- This site is optimized with the Yoast SEO plugin v27.5 - https:\/\/yoast.com\/product\/yoast-seo-wordpress\/ -->\n<title>De l\u2019importance des m\u00e9tiers sp\u00e9cialis\u00e9s pour b\u00e2tir un avenir durable et inclusif (ODD 4, 9 et 11)\u00a0 - Colleges and Institutes Canada<\/title>\n<meta name=\"robots\" content=\"index, follow, max-snippet:-1, max-image-preview:large, max-video-preview:-1\" \/>\n<link rel=\"canonical\" href=\"https:\/\/www.collegesinstitutes.ca\/fr\/de-limportance-des-metiers-specialises-pour-batir-un-avenir-durable-et-inclusif-odd-4-9-et-11\/\" \/>\n<meta property=\"og:locale\" content=\"fr_FR\" \/>\n<meta property=\"og:type\" content=\"article\" \/>\n<meta property=\"og:title\" content=\"De l\u2019importance des m\u00e9tiers sp\u00e9cialis\u00e9s pour b\u00e2tir un avenir durable et inclusif (ODD 4, 9 et 11)\u00a0 - Colleges and Institutes Canada\" \/>\n<meta property=\"og:description\" content=\"Le 15 juillet, nous avons c\u00e9l\u00e9br\u00e9 la Journ\u00e9e mondiale des comp\u00e9tences des jeunes. Celle-ci rappelle l\u2019importance strat\u00e9gique de donner aux jeunes des comp\u00e9tences pour l\u2019emploi, le travail d\u00e9cent et l\u2019entrepreneuriat....\" \/>\n<meta property=\"og:url\" content=\"https:\/\/www.collegesinstitutes.ca\/fr\/de-limportance-des-metiers-specialises-pour-batir-un-avenir-durable-et-inclusif-odd-4-9-et-11\/\" \/>\n<meta property=\"og:site_name\" content=\"Colleges and Institutes Canada\" \/>\n<meta property=\"article:published_time\" content=\"2023-07-17T20:29:48+00:00\" \/>\n<meta property=\"article:modified_time\" content=\"2023-07-17T20:31:14+00:00\" \/>\n<meta property=\"og:image\" content=\"https:\/\/www.collegesinstitutes.ca\/wp-content\/uploads\/2023\/07\/marks-cover-image.jpg\" \/>\n\t<meta property=\"og:image:width\" content=\"1200\" \/>\n\t<meta property=\"og:image:height\" content=\"627\" \/>\n\t<meta property=\"og:image:type\" content=\"image\/jpeg\" \/>\n<meta name=\"author\" content=\"Katrina King\" \/>\n<meta name=\"twitter:card\" content=\"summary_large_image\" \/>\n<meta name=\"twitter:label1\" content=\"Written by\" \/>\n\t<meta name=\"twitter:data1\" content=\"Katrina King\" \/>\n\t<meta name=\"twitter:label2\" content=\"Est. reading time\" \/>\n\t<meta name=\"twitter:data2\" content=\"4 minutes\" \/>\n<script type=\"application\/ld+json\" class=\"yoast-schema-graph\">{\"@context\":\"https:\\\/\\\/schema.org\",\"@graph\":[{\"@type\":\"Article\",\"@id\":\"https:\\\/\\\/www.collegesinstitutes.ca\\\/fr\\\/de-limportance-des-metiers-specialises-pour-batir-un-avenir-durable-et-inclusif-odd-4-9-et-11\\\/#article\",\"isPartOf\":{\"@id\":\"https:\\\/\\\/www.collegesinstitutes.ca\\\/fr\\\/de-limportance-des-metiers-specialises-pour-batir-un-avenir-durable-et-inclusif-odd-4-9-et-11\\\/\"},\"author\":{\"name\":\"Katrina King\",\"@id\":\"https:\\\/\\\/www.collegesinstitutes.ca\\\/fr\\\/#\\\/schema\\\/person\\\/7a6b5a1f7a5e22f87be38183c42aa744\"},\"headline\":\"De l\u2019importance des m\u00e9tiers sp\u00e9cialis\u00e9s pour b\u00e2tir un avenir durable et inclusif (ODD 4, 9 et 11)\u00a0\",\"datePublished\":\"2023-07-17T20:29:48+00:00\",\"dateModified\":\"2023-07-17T20:31:14+00:00\",\"mainEntityOfPage\":{\"@id\":\"https:\\\/\\\/www.collegesinstitutes.ca\\\/fr\\\/de-limportance-des-metiers-specialises-pour-batir-un-avenir-durable-et-inclusif-odd-4-9-et-11\\\/\"},\"wordCount\":846,\"publisher\":{\"@id\":\"https:\\\/\\\/www.collegesinstitutes.ca\\\/fr\\\/#organization\"},\"image\":{\"@id\":\"https:\\\/\\\/www.collegesinstitutes.ca\\\/fr\\\/de-limportance-des-metiers-specialises-pour-batir-un-avenir-durable-et-inclusif-odd-4-9-et-11\\\/#primaryimage\"},\"thumbnailUrl\":\"https:\\\/\\\/www.collegesinstitutes.ca\\\/wp-content\\\/uploads\\\/2023\\\/07\\\/marks-cover-image.jpg\",\"articleSection\":[\"Cultiver les talents du 21e si\u00e8cle\"],\"inLanguage\":\"fr-FR\"},{\"@type\":\"WebPage\",\"@id\":\"https:\\\/\\\/www.collegesinstitutes.ca\\\/fr\\\/de-limportance-des-metiers-specialises-pour-batir-un-avenir-durable-et-inclusif-odd-4-9-et-11\\\/\",\"url\":\"https:\\\/\\\/www.collegesinstitutes.ca\\\/fr\\\/de-limportance-des-metiers-specialises-pour-batir-un-avenir-durable-et-inclusif-odd-4-9-et-11\\\/\",\"name\":\"De l\u2019importance des m\u00e9tiers sp\u00e9cialis\u00e9s pour b\u00e2tir un avenir durable et inclusif (ODD 4, 9 et 11)\u00a0 - Colleges and Institutes Canada\",\"isPartOf\":{\"@id\":\"https:\\\/\\\/www.collegesinstitutes.ca\\\/fr\\\/#website\"},\"primaryImageOfPage\":{\"@id\":\"https:\\\/\\\/www.collegesinstitutes.ca\\\/fr\\\/de-limportance-des-metiers-specialises-pour-batir-un-avenir-durable-et-inclusif-odd-4-9-et-11\\\/#primaryimage\"},\"image\":{\"@id\":\"https:\\\/\\\/www.collegesinstitutes.ca\\\/fr\\\/de-limportance-des-metiers-specialises-pour-batir-un-avenir-durable-et-inclusif-odd-4-9-et-11\\\/#primaryimage\"},\"thumbnailUrl\":\"https:\\\/\\\/www.collegesinstitutes.ca\\\/wp-content\\\/uploads\\\/2023\\\/07\\\/marks-cover-image.jpg\",\"datePublished\":\"2023-07-17T20:29:48+00:00\",\"dateModified\":\"2023-07-17T20:31:14+00:00\",\"breadcrumb\":{\"@id\":\"https:\\\/\\\/www.collegesinstitutes.ca\\\/fr\\\/de-limportance-des-metiers-specialises-pour-batir-un-avenir-durable-et-inclusif-odd-4-9-et-11\\\/#breadcrumb\"},\"inLanguage\":\"fr-FR\",\"potentialAction\":[{\"@type\":\"ReadAction\",\"target\":[\"https:\\\/\\\/www.collegesinstitutes.ca\\\/fr\\\/de-limportance-des-metiers-specialises-pour-batir-un-avenir-durable-et-inclusif-odd-4-9-et-11\\\/\"]}]},{\"@type\":\"ImageObject\",\"inLanguage\":\"fr-FR\",\"@id\":\"https:\\\/\\\/www.collegesinstitutes.ca\\\/fr\\\/de-limportance-des-metiers-specialises-pour-batir-un-avenir-durable-et-inclusif-odd-4-9-et-11\\\/#primaryimage\",\"url\":\"https:\\\/\\\/www.collegesinstitutes.ca\\\/wp-content\\\/uploads\\\/2023\\\/07\\\/marks-cover-image.jpg\",\"contentUrl\":\"https:\\\/\\\/www.collegesinstitutes.ca\\\/wp-content\\\/uploads\\\/2023\\\/07\\\/marks-cover-image.jpg\",\"width\":1200,\"height\":627,\"caption\":\"woman with construction hat standing in front of building\"},{\"@type\":\"BreadcrumbList\",\"@id\":\"https:\\\/\\\/www.collegesinstitutes.ca\\\/fr\\\/de-limportance-des-metiers-specialises-pour-batir-un-avenir-durable-et-inclusif-odd-4-9-et-11\\\/#breadcrumb\",\"itemListElement\":[{\"@type\":\"ListItem\",\"position\":1,\"name\":\"Home\",\"item\":\"https:\\\/\\\/www.collegesinstitutes.ca\\\/fr\\\/\"},{\"@type\":\"ListItem\",\"position\":2,\"name\":\"De l\u2019importance des m\u00e9tiers sp\u00e9cialis\u00e9s pour b\u00e2tir un avenir durable et inclusif (ODD 4, 9 et 11)\u00a0\"}]},{\"@type\":\"WebSite\",\"@id\":\"https:\\\/\\\/www.collegesinstitutes.ca\\\/fr\\\/#website\",\"url\":\"https:\\\/\\\/www.collegesinstitutes.ca\\\/fr\\\/\",\"name\":\"Colleges and Institutes Canada\",\"description\":\"The Voice of Canada&#039;s Colleges &amp; Institutes\",\"publisher\":{\"@id\":\"https:\\\/\\\/www.collegesinstitutes.ca\\\/fr\\\/#organization\"},\"potentialAction\":[{\"@type\":\"SearchAction\",\"target\":{\"@type\":\"EntryPoint\",\"urlTemplate\":\"https:\\\/\\\/www.collegesinstitutes.ca\\\/fr\\\/?s={search_term_string}\"},\"query-input\":{\"@type\":\"PropertyValueSpecification\",\"valueRequired\":true,\"valueName\":\"search_term_string\"}}],\"inLanguage\":\"fr-FR\"},{\"@type\":\"Organization\",\"@id\":\"https:\\\/\\\/www.collegesinstitutes.ca\\\/fr\\\/#organization\",\"name\":\"Colleges and Institutes Canada\",\"url\":\"https:\\\/\\\/www.collegesinstitutes.ca\\\/fr\\\/\",\"logo\":{\"@type\":\"ImageObject\",\"inLanguage\":\"fr-FR\",\"@id\":\"https:\\\/\\\/www.collegesinstitutes.ca\\\/fr\\\/#\\\/schema\\\/logo\\\/image\\\/\",\"url\":\"https:\\\/\\\/www.collegesinstitutes.ca\\\/wp-content\\\/uploads\\\/2025\\\/06\\\/logo-en.png\",\"contentUrl\":\"https:\\\/\\\/www.collegesinstitutes.ca\\\/wp-content\\\/uploads\\\/2025\\\/06\\\/logo-en.png\",\"width\":794,\"height\":280,\"caption\":\"Colleges and Institutes Canada\"},\"image\":{\"@id\":\"https:\\\/\\\/www.collegesinstitutes.ca\\\/fr\\\/#\\\/schema\\\/logo\\\/image\\\/\"}},{\"@type\":\"Person\",\"@id\":\"https:\\\/\\\/www.collegesinstitutes.ca\\\/fr\\\/#\\\/schema\\\/person\\\/7a6b5a1f7a5e22f87be38183c42aa744\",\"name\":\"Katrina King\",\"url\":\"https:\\\/\\\/www.collegesinstitutes.ca\\\/fr\\\/author\\\/kking\\\/\"}]}<\/script>\n<!-- \/ Yoast SEO plugin. -->","yoast_head_json":{"title":"De l\u2019importance des m\u00e9tiers sp\u00e9cialis\u00e9s pour b\u00e2tir un avenir durable et inclusif (ODD 4, 9 et 11)\u00a0 - Colleges and Institutes Canada","robots":{"index":"index","follow":"follow","max-snippet":"max-snippet:-1","max-image-preview":"max-image-preview:large","max-video-preview":"max-video-preview:-1"},"canonical":"https:\/\/www.collegesinstitutes.ca\/fr\/de-limportance-des-metiers-specialises-pour-batir-un-avenir-durable-et-inclusif-odd-4-9-et-11\/","og_locale":"fr_FR","og_type":"article","og_title":"De l\u2019importance des m\u00e9tiers sp\u00e9cialis\u00e9s pour b\u00e2tir un avenir durable et inclusif (ODD 4, 9 et 11)\u00a0 - Colleges and Institutes Canada","og_description":"Le 15 juillet, nous avons c\u00e9l\u00e9br\u00e9 la Journ\u00e9e mondiale des comp\u00e9tences des jeunes. Celle-ci rappelle l\u2019importance strat\u00e9gique de donner aux jeunes des comp\u00e9tences pour l\u2019emploi, le travail d\u00e9cent et l\u2019entrepreneuriat....","og_url":"https:\/\/www.collegesinstitutes.ca\/fr\/de-limportance-des-metiers-specialises-pour-batir-un-avenir-durable-et-inclusif-odd-4-9-et-11\/","og_site_name":"Colleges and Institutes Canada","article_published_time":"2023-07-17T20:29:48+00:00","article_modified_time":"2023-07-17T20:31:14+00:00","og_image":[{"width":1200,"height":627,"url":"https:\/\/www.collegesinstitutes.ca\/wp-content\/uploads\/2023\/07\/marks-cover-image.jpg","type":"image\/jpeg"}],"author":"Katrina King","twitter_card":"summary_large_image","twitter_misc":{"Written by":"Katrina King","Est. reading time":"4 minutes"},"schema":{"@context":"https:\/\/schema.org","@graph":[{"@type":"Article","@id":"https:\/\/www.collegesinstitutes.ca\/fr\/de-limportance-des-metiers-specialises-pour-batir-un-avenir-durable-et-inclusif-odd-4-9-et-11\/#article","isPartOf":{"@id":"https:\/\/www.collegesinstitutes.ca\/fr\/de-limportance-des-metiers-specialises-pour-batir-un-avenir-durable-et-inclusif-odd-4-9-et-11\/"},"author":{"name":"Katrina King","@id":"https:\/\/www.collegesinstitutes.ca\/fr\/#\/schema\/person\/7a6b5a1f7a5e22f87be38183c42aa744"},"headline":"De l\u2019importance des m\u00e9tiers sp\u00e9cialis\u00e9s pour b\u00e2tir un avenir durable et inclusif (ODD 4, 9 et 11)\u00a0","datePublished":"2023-07-17T20:29:48+00:00","dateModified":"2023-07-17T20:31:14+00:00","mainEntityOfPage":{"@id":"https:\/\/www.collegesinstitutes.ca\/fr\/de-limportance-des-metiers-specialises-pour-batir-un-avenir-durable-et-inclusif-odd-4-9-et-11\/"},"wordCount":846,"publisher":{"@id":"https:\/\/www.collegesinstitutes.ca\/fr\/#organization"},"image":{"@id":"https:\/\/www.collegesinstitutes.ca\/fr\/de-limportance-des-metiers-specialises-pour-batir-un-avenir-durable-et-inclusif-odd-4-9-et-11\/#primaryimage"},"thumbnailUrl":"https:\/\/www.collegesinstitutes.ca\/wp-content\/uploads\/2023\/07\/marks-cover-image.jpg","articleSection":["Cultiver les talents du 21e si\u00e8cle"],"inLanguage":"fr-FR"},{"@type":"WebPage","@id":"https:\/\/www.collegesinstitutes.ca\/fr\/de-limportance-des-metiers-specialises-pour-batir-un-avenir-durable-et-inclusif-odd-4-9-et-11\/","url":"https:\/\/www.collegesinstitutes.ca\/fr\/de-limportance-des-metiers-specialises-pour-batir-un-avenir-durable-et-inclusif-odd-4-9-et-11\/","name":"De l\u2019importance des m\u00e9tiers sp\u00e9cialis\u00e9s pour b\u00e2tir un avenir durable et inclusif (ODD 4, 9 et 11)\u00a0 - Colleges and Institutes Canada","isPartOf":{"@id":"https:\/\/www.collegesinstitutes.ca\/fr\/#website"},"primaryImageOfPage":{"@id":"https:\/\/www.collegesinstitutes.ca\/fr\/de-limportance-des-metiers-specialises-pour-batir-un-avenir-durable-et-inclusif-odd-4-9-et-11\/#primaryimage"},"image":{"@id":"https:\/\/www.collegesinstitutes.ca\/fr\/de-limportance-des-metiers-specialises-pour-batir-un-avenir-durable-et-inclusif-odd-4-9-et-11\/#primaryimage"},"thumbnailUrl":"https:\/\/www.collegesinstitutes.ca\/wp-content\/uploads\/2023\/07\/marks-cover-image.jpg","datePublished":"2023-07-17T20:29:48+00:00","dateModified":"2023-07-17T20:31:14+00:00","breadcrumb":{"@id":"https:\/\/www.collegesinstitutes.ca\/fr\/de-limportance-des-metiers-specialises-pour-batir-un-avenir-durable-et-inclusif-odd-4-9-et-11\/#breadcrumb"},"inLanguage":"fr-FR","potentialAction":[{"@type":"ReadAction","target":["https:\/\/www.collegesinstitutes.ca\/fr\/de-limportance-des-metiers-specialises-pour-batir-un-avenir-durable-et-inclusif-odd-4-9-et-11\/"]}]},{"@type":"ImageObject","inLanguage":"fr-FR","@id":"https:\/\/www.collegesinstitutes.ca\/fr\/de-limportance-des-metiers-specialises-pour-batir-un-avenir-durable-et-inclusif-odd-4-9-et-11\/#primaryimage","url":"https:\/\/www.collegesinstitutes.ca\/wp-content\/uploads\/2023\/07\/marks-cover-image.jpg","contentUrl":"https:\/\/www.collegesinstitutes.ca\/wp-content\/uploads\/2023\/07\/marks-cover-image.jpg","width":1200,"height":627,"caption":"woman with construction hat standing in front of building"},{"@type":"BreadcrumbList","@id":"https:\/\/www.collegesinstitutes.ca\/fr\/de-limportance-des-metiers-specialises-pour-batir-un-avenir-durable-et-inclusif-odd-4-9-et-11\/#breadcrumb","itemListElement":[{"@type":"ListItem","position":1,"name":"Home","item":"https:\/\/www.collegesinstitutes.ca\/fr\/"},{"@type":"ListItem","position":2,"name":"De l\u2019importance des m\u00e9tiers sp\u00e9cialis\u00e9s pour b\u00e2tir un avenir durable et inclusif (ODD 4, 9 et 11)\u00a0"}]},{"@type":"WebSite","@id":"https:\/\/www.collegesinstitutes.ca\/fr\/#website","url":"https:\/\/www.collegesinstitutes.ca\/fr\/","name":"Colleges and Institutes Canada","description":"The Voice of Canada&#039;s Colleges &amp; Institutes","publisher":{"@id":"https:\/\/www.collegesinstitutes.ca\/fr\/#organization"},"potentialAction":[{"@type":"SearchAction","target":{"@type":"EntryPoint","urlTemplate":"https:\/\/www.collegesinstitutes.ca\/fr\/?s={search_term_string}"},"query-input":{"@type":"PropertyValueSpecification","valueRequired":true,"valueName":"search_term_string"}}],"inLanguage":"fr-FR"},{"@type":"Organization","@id":"https:\/\/www.collegesinstitutes.ca\/fr\/#organization","name":"Colleges and Institutes Canada","url":"https:\/\/www.collegesinstitutes.ca\/fr\/","logo":{"@type":"ImageObject","inLanguage":"fr-FR","@id":"https:\/\/www.collegesinstitutes.ca\/fr\/#\/schema\/logo\/image\/","url":"https:\/\/www.collegesinstitutes.ca\/wp-content\/uploads\/2025\/06\/logo-en.png","contentUrl":"https:\/\/www.collegesinstitutes.ca\/wp-content\/uploads\/2025\/06\/logo-en.png","width":794,"height":280,"caption":"Colleges and Institutes Canada"},"image":{"@id":"https:\/\/www.collegesinstitutes.ca\/fr\/#\/schema\/logo\/image\/"}},{"@type":"Person","@id":"https:\/\/www.collegesinstitutes.ca\/fr\/#\/schema\/person\/7a6b5a1f7a5e22f87be38183c42aa744","name":"Katrina King","url":"https:\/\/www.collegesinstitutes.ca\/fr\/author\/kking\/"}]}},"_links":{"self":[{"href":"https:\/\/www.collegesinstitutes.ca\/fr\/wp-json\/wp\/v2\/posts\/32303","targetHints":{"allow":["GET"]}}],"collection":[{"href":"https:\/\/www.collegesinstitutes.ca\/fr\/wp-json\/wp\/v2\/posts"}],"about":[{"href":"https:\/\/www.collegesinstitutes.ca\/fr\/wp-json\/wp\/v2\/types\/post"}],"author":[{"embeddable":true,"href":"https:\/\/www.collegesinstitutes.ca\/fr\/wp-json\/wp\/v2\/users\/11"}],"replies":[{"embeddable":true,"href":"https:\/\/www.collegesinstitutes.ca\/fr\/wp-json\/wp\/v2\/comments?post=32303"}],"version-history":[{"count":0,"href":"https:\/\/www.collegesinstitutes.ca\/fr\/wp-json\/wp\/v2\/posts\/32303\/revisions"}],"wp:featuredmedia":[{"embeddable":true,"href":"https:\/\/www.collegesinstitutes.ca\/fr\/wp-json\/wp\/v2\/media\/32302"}],"wp:attachment":[{"href":"https:\/\/www.collegesinstitutes.ca\/fr\/wp-json\/wp\/v2\/media?parent=32303"}],"wp:term":[{"taxonomy":"category","embeddable":true,"href":"https:\/\/www.collegesinstitutes.ca\/fr\/wp-json\/wp\/v2\/categories?post=32303"},{"taxonomy":"post_tag","embeddable":true,"href":"https:\/\/www.collegesinstitutes.ca\/fr\/wp-json\/wp\/v2\/tags?post=32303"}],"curies":[{"name":"wp","href":"https:\/\/api.w.org\/{rel}","templated":true}]}}