{"id":31221,"date":"2023-03-13T15:05:23","date_gmt":"2023-03-13T15:05:23","guid":{"rendered":"https:\/\/www.collegesinstitutes.ca\/?p=31221"},"modified":"2023-03-13T15:06:16","modified_gmt":"2023-03-13T15:06:16","slug":"leau-est-une-ressource-partagee-sa-protection-est-indissociable-dun-effort-coordonne-a-lechelle-mondiale-odd-6","status":"publish","type":"post","link":"https:\/\/www.collegesinstitutes.ca\/fr\/leau-est-une-ressource-partagee-sa-protection-est-indissociable-dun-effort-coordonne-a-lechelle-mondiale-odd-6\/","title":{"rendered":"L\u2019eau est une ressource partag\u00e9e. Sa protection est indissociable d\u2019un effort coordonn\u00e9 \u00e0 l\u2019\u00e9chelle mondiale. (ODD-6)"},"content":{"rendered":"<p>L\u2019eau pr\u00e9sente sur la Terre peut nous sembler intarissable. Cependant, l\u2019activit\u00e9 humaine et les changements climatiques mettent cette ressource en p\u00e9ril. <a href=\"https:\/\/sdgs.un.org\/fr\/goals\/goal6\">Concr\u00e8tement, ce sont plus de 733\u00a0millions d\u2019individus qui vivent dans des pays o\u00f9 s\u00e9vit un grave stress hydrique<\/a>. De plus, les \u00e9cosyst\u00e8mes aquatiques de la plan\u00e8te se d\u00e9gradent \u00e0 un rythme alarmant.<\/p>\n<p>L\u2019ODD-6 (Eau propre et assainissement) nous met au d\u00e9fi de garantir l\u2019acc\u00e8s de tous \u00e0 des services d\u2019alimentation en eau et d\u2019assainissement g\u00e9r\u00e9s de fa\u00e7on durable. Cela inclut un acc\u00e8s \u00e0 l\u2019eau (\u00e0 des fins potables et hygi\u00e9niques) et la protection des \u00e9cosyst\u00e8mes aquatiques, sans oublier une r\u00e9flexion \u00e0 nos modes d\u2019utilisation et de gestion de l\u2019eau dans le cadre de l\u2019\u00e9conomie bleue.<\/p>\n<ul>\n<li><strong>L\u2019\u00e9conomie bleue fait r\u00e9f\u00e9rence \u00e0 une utilisation durable des ressources oc\u00e9aniques \u00e0 des fins de croissance \u00e9conomique et d\u2019am\u00e9lioration des moyens de subsistance. Elle touche \u00e9galement \u00e0 la sant\u00e9 des \u00e9cosyst\u00e8mes oc\u00e9aniques.<\/strong> Cela concerne notamment la p\u00eache durable, la gestion de l\u2019eau en tant que source d\u2019\u00e9nergie renouvelable, la garantie d\u2019une navigation et d\u2019un transport maritimes propres et s\u00fbrs, le tourisme durable dans les oc\u00e9ans et les petites \u00eeles, et bien plus encore.<\/li>\n<\/ul>\n<p><strong>L\u2019\u00e9conomie verte nous oblige \u00e0 faire preuve de cr\u00e9ativit\u00e9 dans le domaine des comp\u00e9tences, de la formation et de la main-d\u2019\u0153uvre pour lutter contre les changements climatiques et atteindre nos objectifs de carboneutralit\u00e9. Dans le m\u00eame ordre d\u2019id\u00e9es, la mise en place d\u2019une \u00e9conomie bleue durable passe par des investissements, une strat\u00e9gie et l\u2019innovation.<\/strong><\/p>\n<p><strong>C\u2019est l\u00e0 que les coll\u00e8ges et instituts rentrent dans l\u2019ar\u00e8ne.<\/strong> \u00ab<u>\u00c9ducation pour l\u2019emploi<\/u>\u00bb (\u00c9PE) est un de nos programmes phares. Cette approche associe des coll\u00e8ges et instituts canadiens \u00e0 leurs homologues dans des pays partenaires. Cette approche permet de garantir que la formation r\u00e9pond aux besoins des \u00e9conomies et des apprenantes et apprenants locaux, tout en consolidant la p\u00e9rennit\u00e9 du changement \u00e9ducatif une fois les projets men\u00e9s \u00e0 terme.<\/p>\n<p>Par exemple, notre nouveau <a href=\"https:\/\/www.collegesinstitutes.ca\/fr\/news-release\/les-colleges-et-instituts-au-service-de-leconomie-bleue-emergente-du-kenya\/\">Programme de formation ax\u00e9e sur les comp\u00e9tences pour le d\u00e9veloppement de l\u2019\u00e9conomie bleue au Kenya<\/a> (KBEST) est ax\u00e9 sur le renforcement des comp\u00e9tences de la main-d\u2019\u0153uvre kenyane. Celles-ci sont n\u00e9cessaires pour permettre au pays d\u2019\u00eatre comp\u00e9titif dans l\u2019\u00e9conomie bleue mondiale tout en pr\u00e9servant la sant\u00e9 des oc\u00e9ans et des syst\u00e8mes aquatiques pour les g\u00e9n\u00e9rations futures de Kenyanes et Kenyans.<\/p>\n<ul>\n<li>Le KBEST se situe \u00e0 la crois\u00e9e des ODD-4 (\u00c9ducation de qualit\u00e9), 5 (\u00c9quit\u00e9 des genres) et 8 (Travail d\u00e9cent et croissance \u00e9conomique). Il accorde la priorit\u00e9 \u00e0 la formation des femmes, des jeunes et des populations vuln\u00e9rables dans les domaines et sous-secteurs de l\u2019\u00e9conomie bleue qui pr\u00e9sentent le plus grand potentiel en termes d\u2019emploi formel et de travail autonome.<\/li>\n<\/ul>\n<p><strong>Bien que le programme d\u00e9bute \u00e0 peine, la d\u00e9marche est celle que nous avons mise au point et adapt\u00e9e avec succ\u00e8s depuis plus de 50\u00a0ans. <\/strong>Avec les objectifs de d\u00e9veloppement durable (ODD) comme cadre de collaboration, le KBEST laissera un impact durable au Kenya et ouvrira des voies prometteuses vers l\u2019\u00e9ducation et l\u2019emploi pour les jeunes Kenyanes et Kenyans.<\/p>\n<p><strong>Le 22\u00a0mars est la Journ\u00e9e mondiale de l\u2019eau.<\/strong> Cette ann\u00e9e, il s\u2019agit d\u2019acc\u00e9l\u00e9rer le changement pour r\u00e9soudre la crise de l\u2019eau et de l\u2019assainissement. L\u2019eau nous concernant toutes et tous, il nous incombe de r\u00e9fl\u00e9chir \u00e0 l\u2019utilisation, la consommation et la gestion de l\u2019eau dans nos vies.<\/p>\n","protected":false},"excerpt":{"rendered":"<p>L\u2019eau pr\u00e9sente sur la Terre peut nous sembler intarissable. Cependant, l\u2019activit\u00e9 humaine et les changements climatiques mettent cette ressource en p\u00e9ril. Concr\u00e8tement, ce sont plus de 733\u00a0millions d\u2019individus qui vivent&#8230;<\/p>\n","protected":false},"author":11,"featured_media":22809,"comment_status":"closed","ping_status":"closed","sticky":false,"template":"","format":"standard","meta":{"_acf_changed":false,"footnotes":""},"categories":[952,954],"tags":[1068],"class_list":["post-31221","post","type-post","status-publish","format-standard","has-post-thumbnail","hentry","category-intensifier-notre-implication-au-niveau-mondial","category-progresser-envers-les-objectifs-de-developpement-durable","tag-economiebleue"],"acf":[],"yoast_head":"<!-- This site is optimized with the Yoast SEO plugin v27.4 - https:\/\/yoast.com\/product\/yoast-seo-wordpress\/ -->\n<title>L\u2019eau est une ressource partag\u00e9e. Sa protection est indissociable d\u2019un effort coordonn\u00e9 \u00e0 l\u2019\u00e9chelle mondiale. (ODD-6) - Colleges and Institutes Canada<\/title>\n<meta name=\"robots\" content=\"index, follow, max-snippet:-1, max-image-preview:large, max-video-preview:-1\" \/>\n<link rel=\"canonical\" href=\"https:\/\/www.collegesinstitutes.ca\/fr\/leau-est-une-ressource-partagee-sa-protection-est-indissociable-dun-effort-coordonne-a-lechelle-mondiale-odd-6\/\" \/>\n<meta property=\"og:locale\" content=\"fr_FR\" \/>\n<meta property=\"og:type\" content=\"article\" \/>\n<meta property=\"og:title\" content=\"L\u2019eau est une ressource partag\u00e9e. Sa protection est indissociable d\u2019un effort coordonn\u00e9 \u00e0 l\u2019\u00e9chelle mondiale. (ODD-6) - Colleges and Institutes Canada\" \/>\n<meta property=\"og:description\" content=\"L\u2019eau pr\u00e9sente sur la Terre peut nous sembler intarissable. Cependant, l\u2019activit\u00e9 humaine et les changements climatiques mettent cette ressource en p\u00e9ril. Concr\u00e8tement, ce sont plus de 733\u00a0millions d\u2019individus qui vivent...\" \/>\n<meta property=\"og:url\" content=\"https:\/\/www.collegesinstitutes.ca\/fr\/leau-est-une-ressource-partagee-sa-protection-est-indissociable-dun-effort-coordonne-a-lechelle-mondiale-odd-6\/\" \/>\n<meta property=\"og:site_name\" content=\"Colleges and Institutes Canada\" \/>\n<meta property=\"article:published_time\" content=\"2023-03-13T15:05:23+00:00\" \/>\n<meta property=\"article:modified_time\" content=\"2023-03-13T15:06:16+00:00\" \/>\n<meta property=\"og:image\" content=\"https:\/\/www.collegesinstitutes.ca\/wp-content\/uploads\/2022\/11\/header-image-kbest-alt1.jpg\" \/>\n\t<meta property=\"og:image:width\" content=\"1200\" \/>\n\t<meta property=\"og:image:height\" content=\"628\" \/>\n\t<meta property=\"og:image:type\" content=\"image\/jpeg\" \/>\n<meta name=\"author\" content=\"Katrina King\" \/>\n<meta name=\"twitter:card\" content=\"summary_large_image\" \/>\n<meta name=\"twitter:label1\" content=\"Written by\" \/>\n\t<meta name=\"twitter:data1\" content=\"Katrina King\" \/>\n\t<meta name=\"twitter:label2\" content=\"Est. reading time\" \/>\n\t<meta name=\"twitter:data2\" content=\"3 minutes\" \/>\n<script type=\"application\/ld+json\" class=\"yoast-schema-graph\">{\"@context\":\"https:\\\/\\\/schema.org\",\"@graph\":[{\"@type\":\"Article\",\"@id\":\"https:\\\/\\\/www.collegesinstitutes.ca\\\/fr\\\/leau-est-une-ressource-partagee-sa-protection-est-indissociable-dun-effort-coordonne-a-lechelle-mondiale-odd-6\\\/#article\",\"isPartOf\":{\"@id\":\"https:\\\/\\\/www.collegesinstitutes.ca\\\/fr\\\/leau-est-une-ressource-partagee-sa-protection-est-indissociable-dun-effort-coordonne-a-lechelle-mondiale-odd-6\\\/\"},\"author\":{\"name\":\"Katrina King\",\"@id\":\"https:\\\/\\\/www.collegesinstitutes.ca\\\/fr\\\/#\\\/schema\\\/person\\\/7a6b5a1f7a5e22f87be38183c42aa744\"},\"headline\":\"L\u2019eau est une ressource partag\u00e9e. Sa protection est indissociable d\u2019un effort coordonn\u00e9 \u00e0 l\u2019\u00e9chelle mondiale. (ODD-6)\",\"datePublished\":\"2023-03-13T15:05:23+00:00\",\"dateModified\":\"2023-03-13T15:06:16+00:00\",\"mainEntityOfPage\":{\"@id\":\"https:\\\/\\\/www.collegesinstitutes.ca\\\/fr\\\/leau-est-une-ressource-partagee-sa-protection-est-indissociable-dun-effort-coordonne-a-lechelle-mondiale-odd-6\\\/\"},\"wordCount\":647,\"publisher\":{\"@id\":\"https:\\\/\\\/www.collegesinstitutes.ca\\\/fr\\\/#organization\"},\"image\":{\"@id\":\"https:\\\/\\\/www.collegesinstitutes.ca\\\/fr\\\/leau-est-une-ressource-partagee-sa-protection-est-indissociable-dun-effort-coordonne-a-lechelle-mondiale-odd-6\\\/#primaryimage\"},\"thumbnailUrl\":\"https:\\\/\\\/www.collegesinstitutes.ca\\\/wp-content\\\/uploads\\\/2022\\\/11\\\/header-image-kbest-alt1.jpg\",\"keywords\":[\"\u00e9conomiebleue\"],\"articleSection\":[\"Intensifier notre implication au niveau mondial\",\"Progresser envers les Objectifs de d\u00e9veloppement durable\"],\"inLanguage\":\"fr-FR\"},{\"@type\":\"WebPage\",\"@id\":\"https:\\\/\\\/www.collegesinstitutes.ca\\\/fr\\\/leau-est-une-ressource-partagee-sa-protection-est-indissociable-dun-effort-coordonne-a-lechelle-mondiale-odd-6\\\/\",\"url\":\"https:\\\/\\\/www.collegesinstitutes.ca\\\/fr\\\/leau-est-une-ressource-partagee-sa-protection-est-indissociable-dun-effort-coordonne-a-lechelle-mondiale-odd-6\\\/\",\"name\":\"L\u2019eau est une ressource partag\u00e9e. Sa protection est indissociable d\u2019un effort coordonn\u00e9 \u00e0 l\u2019\u00e9chelle mondiale. (ODD-6) - Colleges and Institutes Canada\",\"isPartOf\":{\"@id\":\"https:\\\/\\\/www.collegesinstitutes.ca\\\/fr\\\/#website\"},\"primaryImageOfPage\":{\"@id\":\"https:\\\/\\\/www.collegesinstitutes.ca\\\/fr\\\/leau-est-une-ressource-partagee-sa-protection-est-indissociable-dun-effort-coordonne-a-lechelle-mondiale-odd-6\\\/#primaryimage\"},\"image\":{\"@id\":\"https:\\\/\\\/www.collegesinstitutes.ca\\\/fr\\\/leau-est-une-ressource-partagee-sa-protection-est-indissociable-dun-effort-coordonne-a-lechelle-mondiale-odd-6\\\/#primaryimage\"},\"thumbnailUrl\":\"https:\\\/\\\/www.collegesinstitutes.ca\\\/wp-content\\\/uploads\\\/2022\\\/11\\\/header-image-kbest-alt1.jpg\",\"datePublished\":\"2023-03-13T15:05:23+00:00\",\"dateModified\":\"2023-03-13T15:06:16+00:00\",\"breadcrumb\":{\"@id\":\"https:\\\/\\\/www.collegesinstitutes.ca\\\/fr\\\/leau-est-une-ressource-partagee-sa-protection-est-indissociable-dun-effort-coordonne-a-lechelle-mondiale-odd-6\\\/#breadcrumb\"},\"inLanguage\":\"fr-FR\",\"potentialAction\":[{\"@type\":\"ReadAction\",\"target\":[\"https:\\\/\\\/www.collegesinstitutes.ca\\\/fr\\\/leau-est-une-ressource-partagee-sa-protection-est-indissociable-dun-effort-coordonne-a-lechelle-mondiale-odd-6\\\/\"]}]},{\"@type\":\"ImageObject\",\"inLanguage\":\"fr-FR\",\"@id\":\"https:\\\/\\\/www.collegesinstitutes.ca\\\/fr\\\/leau-est-une-ressource-partagee-sa-protection-est-indissociable-dun-effort-coordonne-a-lechelle-mondiale-odd-6\\\/#primaryimage\",\"url\":\"https:\\\/\\\/www.collegesinstitutes.ca\\\/wp-content\\\/uploads\\\/2022\\\/11\\\/header-image-kbest-alt1.jpg\",\"contentUrl\":\"https:\\\/\\\/www.collegesinstitutes.ca\\\/wp-content\\\/uploads\\\/2022\\\/11\\\/header-image-kbest-alt1.jpg\",\"width\":1200,\"height\":628},{\"@type\":\"BreadcrumbList\",\"@id\":\"https:\\\/\\\/www.collegesinstitutes.ca\\\/fr\\\/leau-est-une-ressource-partagee-sa-protection-est-indissociable-dun-effort-coordonne-a-lechelle-mondiale-odd-6\\\/#breadcrumb\",\"itemListElement\":[{\"@type\":\"ListItem\",\"position\":1,\"name\":\"Home\",\"item\":\"https:\\\/\\\/www.collegesinstitutes.ca\\\/fr\\\/\"},{\"@type\":\"ListItem\",\"position\":2,\"name\":\"L\u2019eau est une ressource partag\u00e9e. Sa protection est indissociable d\u2019un effort coordonn\u00e9 \u00e0 l\u2019\u00e9chelle mondiale. (ODD-6)\"}]},{\"@type\":\"WebSite\",\"@id\":\"https:\\\/\\\/www.collegesinstitutes.ca\\\/fr\\\/#website\",\"url\":\"https:\\\/\\\/www.collegesinstitutes.ca\\\/fr\\\/\",\"name\":\"Colleges and Institutes Canada\",\"description\":\"The Voice of Canada&#039;s Colleges &amp; Institutes\",\"publisher\":{\"@id\":\"https:\\\/\\\/www.collegesinstitutes.ca\\\/fr\\\/#organization\"},\"potentialAction\":[{\"@type\":\"SearchAction\",\"target\":{\"@type\":\"EntryPoint\",\"urlTemplate\":\"https:\\\/\\\/www.collegesinstitutes.ca\\\/fr\\\/?s={search_term_string}\"},\"query-input\":{\"@type\":\"PropertyValueSpecification\",\"valueRequired\":true,\"valueName\":\"search_term_string\"}}],\"inLanguage\":\"fr-FR\"},{\"@type\":\"Organization\",\"@id\":\"https:\\\/\\\/www.collegesinstitutes.ca\\\/fr\\\/#organization\",\"name\":\"Colleges and Institutes Canada\",\"url\":\"https:\\\/\\\/www.collegesinstitutes.ca\\\/fr\\\/\",\"logo\":{\"@type\":\"ImageObject\",\"inLanguage\":\"fr-FR\",\"@id\":\"https:\\\/\\\/www.collegesinstitutes.ca\\\/fr\\\/#\\\/schema\\\/logo\\\/image\\\/\",\"url\":\"https:\\\/\\\/www.collegesinstitutes.ca\\\/wp-content\\\/uploads\\\/2025\\\/06\\\/logo-en.png\",\"contentUrl\":\"https:\\\/\\\/www.collegesinstitutes.ca\\\/wp-content\\\/uploads\\\/2025\\\/06\\\/logo-en.png\",\"width\":794,\"height\":280,\"caption\":\"Colleges and Institutes Canada\"},\"image\":{\"@id\":\"https:\\\/\\\/www.collegesinstitutes.ca\\\/fr\\\/#\\\/schema\\\/logo\\\/image\\\/\"}},{\"@type\":\"Person\",\"@id\":\"https:\\\/\\\/www.collegesinstitutes.ca\\\/fr\\\/#\\\/schema\\\/person\\\/7a6b5a1f7a5e22f87be38183c42aa744\",\"name\":\"Katrina King\",\"url\":\"https:\\\/\\\/www.collegesinstitutes.ca\\\/fr\\\/author\\\/kking\\\/\"}]}<\/script>\n<!-- \/ Yoast SEO plugin. -->","yoast_head_json":{"title":"L\u2019eau est une ressource partag\u00e9e. Sa protection est indissociable d\u2019un effort coordonn\u00e9 \u00e0 l\u2019\u00e9chelle mondiale. (ODD-6) - Colleges and Institutes Canada","robots":{"index":"index","follow":"follow","max-snippet":"max-snippet:-1","max-image-preview":"max-image-preview:large","max-video-preview":"max-video-preview:-1"},"canonical":"https:\/\/www.collegesinstitutes.ca\/fr\/leau-est-une-ressource-partagee-sa-protection-est-indissociable-dun-effort-coordonne-a-lechelle-mondiale-odd-6\/","og_locale":"fr_FR","og_type":"article","og_title":"L\u2019eau est une ressource partag\u00e9e. Sa protection est indissociable d\u2019un effort coordonn\u00e9 \u00e0 l\u2019\u00e9chelle mondiale. (ODD-6) - Colleges and Institutes Canada","og_description":"L\u2019eau pr\u00e9sente sur la Terre peut nous sembler intarissable. Cependant, l\u2019activit\u00e9 humaine et les changements climatiques mettent cette ressource en p\u00e9ril. Concr\u00e8tement, ce sont plus de 733\u00a0millions d\u2019individus qui vivent...","og_url":"https:\/\/www.collegesinstitutes.ca\/fr\/leau-est-une-ressource-partagee-sa-protection-est-indissociable-dun-effort-coordonne-a-lechelle-mondiale-odd-6\/","og_site_name":"Colleges and Institutes Canada","article_published_time":"2023-03-13T15:05:23+00:00","article_modified_time":"2023-03-13T15:06:16+00:00","og_image":[{"width":1200,"height":628,"url":"https:\/\/www.collegesinstitutes.ca\/wp-content\/uploads\/2022\/11\/header-image-kbest-alt1.jpg","type":"image\/jpeg"}],"author":"Katrina King","twitter_card":"summary_large_image","twitter_misc":{"Written by":"Katrina King","Est. reading time":"3 minutes"},"schema":{"@context":"https:\/\/schema.org","@graph":[{"@type":"Article","@id":"https:\/\/www.collegesinstitutes.ca\/fr\/leau-est-une-ressource-partagee-sa-protection-est-indissociable-dun-effort-coordonne-a-lechelle-mondiale-odd-6\/#article","isPartOf":{"@id":"https:\/\/www.collegesinstitutes.ca\/fr\/leau-est-une-ressource-partagee-sa-protection-est-indissociable-dun-effort-coordonne-a-lechelle-mondiale-odd-6\/"},"author":{"name":"Katrina King","@id":"https:\/\/www.collegesinstitutes.ca\/fr\/#\/schema\/person\/7a6b5a1f7a5e22f87be38183c42aa744"},"headline":"L\u2019eau est une ressource partag\u00e9e. Sa protection est indissociable d\u2019un effort coordonn\u00e9 \u00e0 l\u2019\u00e9chelle mondiale. (ODD-6)","datePublished":"2023-03-13T15:05:23+00:00","dateModified":"2023-03-13T15:06:16+00:00","mainEntityOfPage":{"@id":"https:\/\/www.collegesinstitutes.ca\/fr\/leau-est-une-ressource-partagee-sa-protection-est-indissociable-dun-effort-coordonne-a-lechelle-mondiale-odd-6\/"},"wordCount":647,"publisher":{"@id":"https:\/\/www.collegesinstitutes.ca\/fr\/#organization"},"image":{"@id":"https:\/\/www.collegesinstitutes.ca\/fr\/leau-est-une-ressource-partagee-sa-protection-est-indissociable-dun-effort-coordonne-a-lechelle-mondiale-odd-6\/#primaryimage"},"thumbnailUrl":"https:\/\/www.collegesinstitutes.ca\/wp-content\/uploads\/2022\/11\/header-image-kbest-alt1.jpg","keywords":["\u00e9conomiebleue"],"articleSection":["Intensifier notre implication au niveau mondial","Progresser envers les Objectifs de d\u00e9veloppement durable"],"inLanguage":"fr-FR"},{"@type":"WebPage","@id":"https:\/\/www.collegesinstitutes.ca\/fr\/leau-est-une-ressource-partagee-sa-protection-est-indissociable-dun-effort-coordonne-a-lechelle-mondiale-odd-6\/","url":"https:\/\/www.collegesinstitutes.ca\/fr\/leau-est-une-ressource-partagee-sa-protection-est-indissociable-dun-effort-coordonne-a-lechelle-mondiale-odd-6\/","name":"L\u2019eau est une ressource partag\u00e9e. Sa protection est indissociable d\u2019un effort coordonn\u00e9 \u00e0 l\u2019\u00e9chelle mondiale. (ODD-6) - Colleges and Institutes Canada","isPartOf":{"@id":"https:\/\/www.collegesinstitutes.ca\/fr\/#website"},"primaryImageOfPage":{"@id":"https:\/\/www.collegesinstitutes.ca\/fr\/leau-est-une-ressource-partagee-sa-protection-est-indissociable-dun-effort-coordonne-a-lechelle-mondiale-odd-6\/#primaryimage"},"image":{"@id":"https:\/\/www.collegesinstitutes.ca\/fr\/leau-est-une-ressource-partagee-sa-protection-est-indissociable-dun-effort-coordonne-a-lechelle-mondiale-odd-6\/#primaryimage"},"thumbnailUrl":"https:\/\/www.collegesinstitutes.ca\/wp-content\/uploads\/2022\/11\/header-image-kbest-alt1.jpg","datePublished":"2023-03-13T15:05:23+00:00","dateModified":"2023-03-13T15:06:16+00:00","breadcrumb":{"@id":"https:\/\/www.collegesinstitutes.ca\/fr\/leau-est-une-ressource-partagee-sa-protection-est-indissociable-dun-effort-coordonne-a-lechelle-mondiale-odd-6\/#breadcrumb"},"inLanguage":"fr-FR","potentialAction":[{"@type":"ReadAction","target":["https:\/\/www.collegesinstitutes.ca\/fr\/leau-est-une-ressource-partagee-sa-protection-est-indissociable-dun-effort-coordonne-a-lechelle-mondiale-odd-6\/"]}]},{"@type":"ImageObject","inLanguage":"fr-FR","@id":"https:\/\/www.collegesinstitutes.ca\/fr\/leau-est-une-ressource-partagee-sa-protection-est-indissociable-dun-effort-coordonne-a-lechelle-mondiale-odd-6\/#primaryimage","url":"https:\/\/www.collegesinstitutes.ca\/wp-content\/uploads\/2022\/11\/header-image-kbest-alt1.jpg","contentUrl":"https:\/\/www.collegesinstitutes.ca\/wp-content\/uploads\/2022\/11\/header-image-kbest-alt1.jpg","width":1200,"height":628},{"@type":"BreadcrumbList","@id":"https:\/\/www.collegesinstitutes.ca\/fr\/leau-est-une-ressource-partagee-sa-protection-est-indissociable-dun-effort-coordonne-a-lechelle-mondiale-odd-6\/#breadcrumb","itemListElement":[{"@type":"ListItem","position":1,"name":"Home","item":"https:\/\/www.collegesinstitutes.ca\/fr\/"},{"@type":"ListItem","position":2,"name":"L\u2019eau est une ressource partag\u00e9e. Sa protection est indissociable d\u2019un effort coordonn\u00e9 \u00e0 l\u2019\u00e9chelle mondiale. (ODD-6)"}]},{"@type":"WebSite","@id":"https:\/\/www.collegesinstitutes.ca\/fr\/#website","url":"https:\/\/www.collegesinstitutes.ca\/fr\/","name":"Colleges and Institutes Canada","description":"The Voice of Canada&#039;s Colleges &amp; Institutes","publisher":{"@id":"https:\/\/www.collegesinstitutes.ca\/fr\/#organization"},"potentialAction":[{"@type":"SearchAction","target":{"@type":"EntryPoint","urlTemplate":"https:\/\/www.collegesinstitutes.ca\/fr\/?s={search_term_string}"},"query-input":{"@type":"PropertyValueSpecification","valueRequired":true,"valueName":"search_term_string"}}],"inLanguage":"fr-FR"},{"@type":"Organization","@id":"https:\/\/www.collegesinstitutes.ca\/fr\/#organization","name":"Colleges and Institutes Canada","url":"https:\/\/www.collegesinstitutes.ca\/fr\/","logo":{"@type":"ImageObject","inLanguage":"fr-FR","@id":"https:\/\/www.collegesinstitutes.ca\/fr\/#\/schema\/logo\/image\/","url":"https:\/\/www.collegesinstitutes.ca\/wp-content\/uploads\/2025\/06\/logo-en.png","contentUrl":"https:\/\/www.collegesinstitutes.ca\/wp-content\/uploads\/2025\/06\/logo-en.png","width":794,"height":280,"caption":"Colleges and Institutes Canada"},"image":{"@id":"https:\/\/www.collegesinstitutes.ca\/fr\/#\/schema\/logo\/image\/"}},{"@type":"Person","@id":"https:\/\/www.collegesinstitutes.ca\/fr\/#\/schema\/person\/7a6b5a1f7a5e22f87be38183c42aa744","name":"Katrina King","url":"https:\/\/www.collegesinstitutes.ca\/fr\/author\/kking\/"}]}},"_links":{"self":[{"href":"https:\/\/www.collegesinstitutes.ca\/fr\/wp-json\/wp\/v2\/posts\/31221","targetHints":{"allow":["GET"]}}],"collection":[{"href":"https:\/\/www.collegesinstitutes.ca\/fr\/wp-json\/wp\/v2\/posts"}],"about":[{"href":"https:\/\/www.collegesinstitutes.ca\/fr\/wp-json\/wp\/v2\/types\/post"}],"author":[{"embeddable":true,"href":"https:\/\/www.collegesinstitutes.ca\/fr\/wp-json\/wp\/v2\/users\/11"}],"replies":[{"embeddable":true,"href":"https:\/\/www.collegesinstitutes.ca\/fr\/wp-json\/wp\/v2\/comments?post=31221"}],"version-history":[{"count":0,"href":"https:\/\/www.collegesinstitutes.ca\/fr\/wp-json\/wp\/v2\/posts\/31221\/revisions"}],"wp:featuredmedia":[{"embeddable":true,"href":"https:\/\/www.collegesinstitutes.ca\/fr\/wp-json\/wp\/v2\/media\/22809"}],"wp:attachment":[{"href":"https:\/\/www.collegesinstitutes.ca\/fr\/wp-json\/wp\/v2\/media?parent=31221"}],"wp:term":[{"taxonomy":"category","embeddable":true,"href":"https:\/\/www.collegesinstitutes.ca\/fr\/wp-json\/wp\/v2\/categories?post=31221"},{"taxonomy":"post_tag","embeddable":true,"href":"https:\/\/www.collegesinstitutes.ca\/fr\/wp-json\/wp\/v2\/tags?post=31221"}],"curies":[{"name":"wp","href":"https:\/\/api.w.org\/{rel}","templated":true}]}}