{"id":22668,"date":"2020-07-06T18:39:59","date_gmt":"2020-07-06T18:39:59","guid":{"rendered":"https:\/\/www.collegesinstitutes.ca\/?p=22668"},"modified":"2023-01-31T16:27:04","modified_gmt":"2023-01-31T16:27:04","slug":"posons-les-questions-qui-simposent","status":"publish","type":"post","link":"https:\/\/www.collegesinstitutes.ca\/fr\/posons-les-questions-qui-simposent\/","title":{"rendered":"Posons les questions qui s\u2019imposent"},"content":{"rendered":"<p>Au cours du dernier mois, les appels \u00e0 l\u2019action pour une plus grande justice sociale se sont multipli\u00e9s \u00e0 une vitesse fulgurante un peu partout au monde. Tandis que la pand\u00e9mie de COVID-19 limite les grands rassemblements, des milliers de personnes ont particip\u00e9 aux manifestations mondiales contre le racisme syst\u00e9mique suivant la mort de personnes noires aux mains de la police aux \u00c9tats-Unis et dans le contexte de rapports de brutalit\u00e9 polici\u00e8re contre les personnes noires, autochtones et de couleur au Canada.<\/p>\n<p>Alors que plusieurs utilisent les m\u00e9dias sociaux pour partager leurs exp\u00e9riences d\u2019injustice et pour appeler \u00e0 l\u2019action et que les leaders du secteur de l\u2019enseignement sup\u00e9rieur \u00e0 travers le pays condamnent la violence contre les Noirs et la x\u00e9nophobie, nous reconnaissons \u00e9galement que le racisme et la discrimination existent au Canada et qu\u2019un nombre disproportionn\u00e9 d\u2019\u00e9tudiants noirs, autochtones, asiatiques et d\u2019autres minorit\u00e9s visibles font face \u00e0 des obstacles au succ\u00e8s.<\/p>\n<p>Nous avons c\u00e9l\u00e9br\u00e9 l\u2019inclusion et la diversit\u00e9 pendant la f\u00eate de la Fiert\u00e9, ainsi que l\u2019h\u00e9ritage et les contributions exceptionnelles des personnes autochtones \u00e0 l\u2019occasion de la\u00a0<a tabindex=\"170\" href=\"https:\/\/www.collegesinstitutes.ca\/fr\/news-release\/cican-celebre-les-peuples-autochtones-et-sengage-a-promouvoir-leur-reussite\/\">Journ\u00e9e nationale des peuples autochtones<\/a>, mais nous devons aussi poser des gestes concrets pour catalyser le changement.\u00a0<strong>Les coll\u00e8ges et les instituts ont un r\u00f4le essentiel \u00e0 jouer pour cr\u00e9er une soci\u00e9t\u00e9 engag\u00e9e, solidaire et ax\u00e9e sur la communaut\u00e9.<\/strong><\/p>\n<ul>\n<li>La\u00a0<strong>Justice Institute of British Columbia<\/strong>\u00a0(JIBC), un leader dans l\u2019enseignement de la s\u00e9curit\u00e9 publique au Canada, forme chaque ann\u00e9e environ 26 000 \u00e9tudiants sur campus et en ligne. Le mois dernier, le\u00a0<a tabindex=\"171\" href=\"https:\/\/www.jibc.ca\/news\/article\/jibc-stands-solidarity-against-systemic-racism\">JIBC a condamn\u00e9 la violence et la discrimination fond\u00e9es sur la race<\/a>\u00a0et a affirm\u00e9 son engagement aux principes de la diversit\u00e9, de l\u2019inclusion et \u00e0 plaider en faveur de la justice sociale dans ses formations polici\u00e8res.<\/li>\n<li>L\u2019ann\u00e9e derni\u00e8re, avec un financement du gouvernement f\u00e9d\u00e9ral, le\u00a0<strong>Nunavut Arctic College<\/strong>\u00a0et la\u00a0<strong>University of Saskatchewan<\/strong>\u00a0ont lanc\u00e9 le\u00a0<a tabindex=\"172\" href=\"https:\/\/www.canada.ca\/fr\/ministere-justice\/nouvelles\/2019\/07\/le-gouvernement-du-canada-appuie-le-programme-de-droit-du-nunavut-afin-dameliorer-lacces-a-la-justice-et-de-repondre-a-la-necessite-grandissante-da.html\">Programme de droit du Nunavut<\/a>\u00a0pour offrir aux professionnels du droit une meilleure compr\u00e9hension des contextes r\u00e9gionaux et culturels propres au Nunavut afin d\u2019am\u00e9liorer l\u2019acc\u00e8s aux services de justice dans ce territoire.<\/li>\n<li>\u00c0 la\u00a0<strong>Yukon University<\/strong>, le\u00a0<a tabindex=\"173\" href=\"https:\/\/www.yukonu.ca\/programs\/centres-institutes\/northern-institute-social-justice\">Northern Institute of Social Justice<\/a>\u00a0est ax\u00e9 principalement sur le d\u00e9veloppement et la prestation de courtes formations et de s\u00e9ances de sensibilisation pour le personnel de premi\u00e8re ligne qui travaille dans le secteur de la justice sociale au sein des gouvernements, des organismes non gouvernementaux et des entreprises. Les cours abordent la justice administrative, l\u2019\u00e9ducation, la sant\u00e9 et le bien-\u00eatre, le maintien de l\u2019ordre, l\u2019ex\u00e9cution de la r\u00e9glementation et les services sociaux.<\/li>\n<li>Le\u00a0<strong>Coll\u00e8ge de Maisonneuve<\/strong>\u00a0est le seul c\u00e9gep francophone qui offre le\u00a0<a tabindex=\"174\" href=\"https:\/\/www.cmaisonneuve.qc.ca\/programme\/sciences-humaines-profil-justice-societe\/\">programme de dipl\u00f4me Justice et soci\u00e9t\u00e9<\/a>, qui se penche sur les droits individuels et collectifs, le r\u00f4le des institutions publiques dans l\u2019\u00e9galit\u00e9 sociale et \u00e9conomique et la r\u00e9partition des richesses, ainsi que l\u2019histoire du syst\u00e8me judiciaire au Canada.<\/li>\n<li>Le programme\u00a0<a tabindex=\"175\" href=\"https:\/\/www.collegealma.ca\/programmes\/techniques-policieres-des-premieres-nations\/\">Techniques polici\u00e8res des Premi\u00e8res Nations<\/a>\u00a0du\u00a0<strong>Coll\u00e8ge d\u2019Alma\u00a0<\/strong>forme les agents de la s\u00e9curit\u00e9 publique en soulignant les r\u00e9alit\u00e9s et les d\u00e9fis particuliers auxquels les communaut\u00e9s autochtones font souvent face.<\/li>\n<li>Au\u00a0<strong>Bow Valley College<\/strong>, le dipl\u00f4me de deux ans\u00a0<a tabindex=\"176\" href=\"https:\/\/bowvalleycollege.ca\/programs-courses\/community-studies\/justice-studies-diploma---aboriginal-focus-specialization\">\u00c9tudes de la justice avec sp\u00e9cialisation dans les r\u00e9alit\u00e9s autochtones<\/a>\u00a0fournit une formation qui pr\u00e9pare les \u00e9tudiants \u00e0 lancer une carri\u00e8re dans le secteur de la justice en traitant de sujets comme la psychologie et la sant\u00e9 mentale, les m\u00e9thodes correctionnelles et les strat\u00e9gies d\u2019intervention aupr\u00e8s des jeunes.<\/li>\n<li>L\u2019<a tabindex=\"177\" href=\"https:\/\/www.hollandcollege.com\/about\/campuses-and-centres\/atlantic-police-academy\/\">Atlantic Police Academy<\/a>\u00a0du\u00a0<strong>Holland College<\/strong>, qui offre une formation permettant aux \u00e9tudiants d\u2019entamer une carri\u00e8re dans le domaine de la s\u00e9curit\u00e9 publique, est un leader dans le d\u00e9veloppement du\u00a0<a tabindex=\"178\" href=\"https:\/\/www.cpkn.ca\/fr\/\">R\u00e9seau canadien du savoir policier (RCSP)<\/a>, un r\u00e9seau novateur de formation et de partage du savoir entre les professionnels policiers et de la s\u00e9curit\u00e9 publique.<\/li>\n<li>Dans un cadre informel virtuel, le\u00a0<strong>Centennial College\u00a0<\/strong>a r\u00e9cemment anim\u00e9 une\u00a0<a tabindex=\"179\" href=\"https:\/\/www.centennialcollege.ca\/college-events-2019-2020\/anti-black-racism-a-community-conversation-for-students\/\">conversation communautaire sur le racisme anti-noir<\/a>\u00a0et sur les mesures que peuvent prendre la communaut\u00e9. Dans un espace s\u00e9curitaire pour les \u00e9tudiants noirs et leurs alli\u00e9s, les personnes participantes ont partag\u00e9 les impacts du racisme anti-noir et des ressources pouvant offrir un soutien.<\/li>\n<\/ul>\n<p>M\u00eame si les initiatives institutionnelles et les programmes d\u2019\u00e9tude visant la justice sociale, la race et l\u2019\u00e9galit\u00e9 des genres sensibilisent et aident les communaut\u00e9s \u00e0 prendre des mesures importantes pour aller de l\u2019avant, nous devons aussi faire un examen approfondi de tous nos \u00e9tablissements et poser des questions difficiles qui mettent en relief les biais implicites et non intentionnels afin de stimuler un r\u00e9el changement. Nous ne pouvons pas tenir pour acquis que le racisme et la discrimination n\u2019existent pas dans nos communaut\u00e9s ou sur nos campus.\u00a0<strong>Notre engagement aux objectifs de d\u00e9veloppement durable et \u00e0 la formation universelle, inclusive et de qualit\u00e9 veut dire que nous devons continuer \u00e0 poursuivre la conversation, \u00e0 r\u00e9parer les injustices et \u00e0 admettre que nous pouvons, et allons, faire mieux.\u00a0<\/strong><\/p>\n","protected":false},"excerpt":{"rendered":"<p>Au cours du dernier mois, les appels \u00e0 l\u2019action pour une plus grande justice sociale se sont multipli\u00e9s \u00e0 une vitesse fulgurante un peu partout au monde. Tandis que la&#8230;<\/p>\n","protected":false},"author":2,"featured_media":17049,"comment_status":"closed","ping_status":"closed","sticky":false,"template":"","format":"standard","meta":{"_acf_changed":false,"footnotes":""},"categories":[950,951],"tags":[980],"class_list":["post-22668","post","type-post","status-publish","format-standard","has-post-thumbnail","hentry","category-accelerer-la-reconciliation","category-cultiver-les-talents-du-21e-siecle","tag-justice-fr"],"acf":[],"yoast_head":"<!-- This site is optimized with the Yoast SEO plugin v27.5 - https:\/\/yoast.com\/product\/yoast-seo-wordpress\/ -->\n<title>Posons les questions qui s\u2019imposent - Colleges and Institutes Canada<\/title>\n<meta name=\"robots\" content=\"index, follow, max-snippet:-1, max-image-preview:large, max-video-preview:-1\" \/>\n<link rel=\"canonical\" href=\"https:\/\/www.collegesinstitutes.ca\/fr\/posons-les-questions-qui-simposent\/\" \/>\n<meta property=\"og:locale\" content=\"fr_FR\" \/>\n<meta property=\"og:type\" content=\"article\" \/>\n<meta property=\"og:title\" content=\"Posons les questions qui s\u2019imposent - Colleges and Institutes Canada\" \/>\n<meta property=\"og:description\" content=\"Au cours du dernier mois, les appels \u00e0 l\u2019action pour une plus grande justice sociale se sont multipli\u00e9s \u00e0 une vitesse fulgurante un peu partout au monde. Tandis que la...\" \/>\n<meta property=\"og:url\" content=\"https:\/\/www.collegesinstitutes.ca\/fr\/posons-les-questions-qui-simposent\/\" \/>\n<meta property=\"og:site_name\" content=\"Colleges and Institutes Canada\" \/>\n<meta property=\"article:published_time\" content=\"2020-07-06T18:39:59+00:00\" \/>\n<meta property=\"article:modified_time\" content=\"2023-01-31T16:27:04+00:00\" \/>\n<meta property=\"og:image\" content=\"https:\/\/www.collegesinstitutes.ca\/wp-content\/uploads\/2023\/01\/justice01.jpg\" \/>\n\t<meta property=\"og:image:width\" content=\"1200\" \/>\n\t<meta property=\"og:image:height\" content=\"628\" \/>\n\t<meta property=\"og:image:type\" content=\"image\/jpeg\" \/>\n<meta name=\"author\" content=\"PugLove\" \/>\n<meta name=\"twitter:card\" content=\"summary_large_image\" \/>\n<meta name=\"twitter:label1\" content=\"Written by\" \/>\n\t<meta name=\"twitter:data1\" content=\"PugLove\" \/>\n\t<meta name=\"twitter:label2\" content=\"Est. reading time\" \/>\n\t<meta name=\"twitter:data2\" content=\"4 minutes\" \/>\n<script type=\"application\/ld+json\" class=\"yoast-schema-graph\">{\"@context\":\"https:\\\/\\\/schema.org\",\"@graph\":[{\"@type\":\"Article\",\"@id\":\"https:\\\/\\\/www.collegesinstitutes.ca\\\/fr\\\/posons-les-questions-qui-simposent\\\/#article\",\"isPartOf\":{\"@id\":\"https:\\\/\\\/www.collegesinstitutes.ca\\\/fr\\\/posons-les-questions-qui-simposent\\\/\"},\"author\":{\"name\":\"PugLove\",\"@id\":\"https:\\\/\\\/www.collegesinstitutes.ca\\\/fr\\\/#\\\/schema\\\/person\\\/7db380f6f507a593bd7b20dbbbc2d811\"},\"headline\":\"Posons les questions qui s\u2019imposent\",\"datePublished\":\"2020-07-06T18:39:59+00:00\",\"dateModified\":\"2023-01-31T16:27:04+00:00\",\"mainEntityOfPage\":{\"@id\":\"https:\\\/\\\/www.collegesinstitutes.ca\\\/fr\\\/posons-les-questions-qui-simposent\\\/\"},\"wordCount\":888,\"publisher\":{\"@id\":\"https:\\\/\\\/www.collegesinstitutes.ca\\\/fr\\\/#organization\"},\"image\":{\"@id\":\"https:\\\/\\\/www.collegesinstitutes.ca\\\/fr\\\/posons-les-questions-qui-simposent\\\/#primaryimage\"},\"thumbnailUrl\":\"https:\\\/\\\/www.collegesinstitutes.ca\\\/wp-content\\\/uploads\\\/2023\\\/01\\\/justice01.jpg\",\"keywords\":[\"justice\"],\"articleSection\":[\"Acc\u00e9l\u00e9rer la r\u00e9conciliation\",\"Cultiver les talents du 21e si\u00e8cle\"],\"inLanguage\":\"fr-FR\"},{\"@type\":\"WebPage\",\"@id\":\"https:\\\/\\\/www.collegesinstitutes.ca\\\/fr\\\/posons-les-questions-qui-simposent\\\/\",\"url\":\"https:\\\/\\\/www.collegesinstitutes.ca\\\/fr\\\/posons-les-questions-qui-simposent\\\/\",\"name\":\"Posons les questions qui s\u2019imposent - Colleges and Institutes Canada\",\"isPartOf\":{\"@id\":\"https:\\\/\\\/www.collegesinstitutes.ca\\\/fr\\\/#website\"},\"primaryImageOfPage\":{\"@id\":\"https:\\\/\\\/www.collegesinstitutes.ca\\\/fr\\\/posons-les-questions-qui-simposent\\\/#primaryimage\"},\"image\":{\"@id\":\"https:\\\/\\\/www.collegesinstitutes.ca\\\/fr\\\/posons-les-questions-qui-simposent\\\/#primaryimage\"},\"thumbnailUrl\":\"https:\\\/\\\/www.collegesinstitutes.ca\\\/wp-content\\\/uploads\\\/2023\\\/01\\\/justice01.jpg\",\"datePublished\":\"2020-07-06T18:39:59+00:00\",\"dateModified\":\"2023-01-31T16:27:04+00:00\",\"breadcrumb\":{\"@id\":\"https:\\\/\\\/www.collegesinstitutes.ca\\\/fr\\\/posons-les-questions-qui-simposent\\\/#breadcrumb\"},\"inLanguage\":\"fr-FR\",\"potentialAction\":[{\"@type\":\"ReadAction\",\"target\":[\"https:\\\/\\\/www.collegesinstitutes.ca\\\/fr\\\/posons-les-questions-qui-simposent\\\/\"]}]},{\"@type\":\"ImageObject\",\"inLanguage\":\"fr-FR\",\"@id\":\"https:\\\/\\\/www.collegesinstitutes.ca\\\/fr\\\/posons-les-questions-qui-simposent\\\/#primaryimage\",\"url\":\"https:\\\/\\\/www.collegesinstitutes.ca\\\/wp-content\\\/uploads\\\/2023\\\/01\\\/justice01.jpg\",\"contentUrl\":\"https:\\\/\\\/www.collegesinstitutes.ca\\\/wp-content\\\/uploads\\\/2023\\\/01\\\/justice01.jpg\",\"width\":1200,\"height\":628},{\"@type\":\"BreadcrumbList\",\"@id\":\"https:\\\/\\\/www.collegesinstitutes.ca\\\/fr\\\/posons-les-questions-qui-simposent\\\/#breadcrumb\",\"itemListElement\":[{\"@type\":\"ListItem\",\"position\":1,\"name\":\"Home\",\"item\":\"https:\\\/\\\/www.collegesinstitutes.ca\\\/fr\\\/\"},{\"@type\":\"ListItem\",\"position\":2,\"name\":\"Posons les questions qui s\u2019imposent\"}]},{\"@type\":\"WebSite\",\"@id\":\"https:\\\/\\\/www.collegesinstitutes.ca\\\/fr\\\/#website\",\"url\":\"https:\\\/\\\/www.collegesinstitutes.ca\\\/fr\\\/\",\"name\":\"Colleges and Institutes Canada\",\"description\":\"The Voice of Canada&#039;s Colleges &amp; Institutes\",\"publisher\":{\"@id\":\"https:\\\/\\\/www.collegesinstitutes.ca\\\/fr\\\/#organization\"},\"potentialAction\":[{\"@type\":\"SearchAction\",\"target\":{\"@type\":\"EntryPoint\",\"urlTemplate\":\"https:\\\/\\\/www.collegesinstitutes.ca\\\/fr\\\/?s={search_term_string}\"},\"query-input\":{\"@type\":\"PropertyValueSpecification\",\"valueRequired\":true,\"valueName\":\"search_term_string\"}}],\"inLanguage\":\"fr-FR\"},{\"@type\":\"Organization\",\"@id\":\"https:\\\/\\\/www.collegesinstitutes.ca\\\/fr\\\/#organization\",\"name\":\"Colleges and Institutes Canada\",\"url\":\"https:\\\/\\\/www.collegesinstitutes.ca\\\/fr\\\/\",\"logo\":{\"@type\":\"ImageObject\",\"inLanguage\":\"fr-FR\",\"@id\":\"https:\\\/\\\/www.collegesinstitutes.ca\\\/fr\\\/#\\\/schema\\\/logo\\\/image\\\/\",\"url\":\"https:\\\/\\\/www.collegesinstitutes.ca\\\/wp-content\\\/uploads\\\/2025\\\/06\\\/logo-en.png\",\"contentUrl\":\"https:\\\/\\\/www.collegesinstitutes.ca\\\/wp-content\\\/uploads\\\/2025\\\/06\\\/logo-en.png\",\"width\":794,\"height\":280,\"caption\":\"Colleges and Institutes Canada\"},\"image\":{\"@id\":\"https:\\\/\\\/www.collegesinstitutes.ca\\\/fr\\\/#\\\/schema\\\/logo\\\/image\\\/\"}},{\"@type\":\"Person\",\"@id\":\"https:\\\/\\\/www.collegesinstitutes.ca\\\/fr\\\/#\\\/schema\\\/person\\\/7db380f6f507a593bd7b20dbbbc2d811\",\"name\":\"PugLove\",\"sameAs\":[\"http:\\\/\\\/cicandev1\"],\"url\":\"https:\\\/\\\/www.collegesinstitutes.ca\\\/fr\\\/author\\\/shill\\\/\"}]}<\/script>\n<!-- \/ Yoast SEO plugin. -->","yoast_head_json":{"title":"Posons les questions qui s\u2019imposent - Colleges and Institutes Canada","robots":{"index":"index","follow":"follow","max-snippet":"max-snippet:-1","max-image-preview":"max-image-preview:large","max-video-preview":"max-video-preview:-1"},"canonical":"https:\/\/www.collegesinstitutes.ca\/fr\/posons-les-questions-qui-simposent\/","og_locale":"fr_FR","og_type":"article","og_title":"Posons les questions qui s\u2019imposent - Colleges and Institutes Canada","og_description":"Au cours du dernier mois, les appels \u00e0 l\u2019action pour une plus grande justice sociale se sont multipli\u00e9s \u00e0 une vitesse fulgurante un peu partout au monde. Tandis que la...","og_url":"https:\/\/www.collegesinstitutes.ca\/fr\/posons-les-questions-qui-simposent\/","og_site_name":"Colleges and Institutes Canada","article_published_time":"2020-07-06T18:39:59+00:00","article_modified_time":"2023-01-31T16:27:04+00:00","og_image":[{"width":1200,"height":628,"url":"https:\/\/www.collegesinstitutes.ca\/wp-content\/uploads\/2023\/01\/justice01.jpg","type":"image\/jpeg"}],"author":"PugLove","twitter_card":"summary_large_image","twitter_misc":{"Written by":"PugLove","Est. reading time":"4 minutes"},"schema":{"@context":"https:\/\/schema.org","@graph":[{"@type":"Article","@id":"https:\/\/www.collegesinstitutes.ca\/fr\/posons-les-questions-qui-simposent\/#article","isPartOf":{"@id":"https:\/\/www.collegesinstitutes.ca\/fr\/posons-les-questions-qui-simposent\/"},"author":{"name":"PugLove","@id":"https:\/\/www.collegesinstitutes.ca\/fr\/#\/schema\/person\/7db380f6f507a593bd7b20dbbbc2d811"},"headline":"Posons les questions qui s\u2019imposent","datePublished":"2020-07-06T18:39:59+00:00","dateModified":"2023-01-31T16:27:04+00:00","mainEntityOfPage":{"@id":"https:\/\/www.collegesinstitutes.ca\/fr\/posons-les-questions-qui-simposent\/"},"wordCount":888,"publisher":{"@id":"https:\/\/www.collegesinstitutes.ca\/fr\/#organization"},"image":{"@id":"https:\/\/www.collegesinstitutes.ca\/fr\/posons-les-questions-qui-simposent\/#primaryimage"},"thumbnailUrl":"https:\/\/www.collegesinstitutes.ca\/wp-content\/uploads\/2023\/01\/justice01.jpg","keywords":["justice"],"articleSection":["Acc\u00e9l\u00e9rer la r\u00e9conciliation","Cultiver les talents du 21e si\u00e8cle"],"inLanguage":"fr-FR"},{"@type":"WebPage","@id":"https:\/\/www.collegesinstitutes.ca\/fr\/posons-les-questions-qui-simposent\/","url":"https:\/\/www.collegesinstitutes.ca\/fr\/posons-les-questions-qui-simposent\/","name":"Posons les questions qui s\u2019imposent - Colleges and Institutes Canada","isPartOf":{"@id":"https:\/\/www.collegesinstitutes.ca\/fr\/#website"},"primaryImageOfPage":{"@id":"https:\/\/www.collegesinstitutes.ca\/fr\/posons-les-questions-qui-simposent\/#primaryimage"},"image":{"@id":"https:\/\/www.collegesinstitutes.ca\/fr\/posons-les-questions-qui-simposent\/#primaryimage"},"thumbnailUrl":"https:\/\/www.collegesinstitutes.ca\/wp-content\/uploads\/2023\/01\/justice01.jpg","datePublished":"2020-07-06T18:39:59+00:00","dateModified":"2023-01-31T16:27:04+00:00","breadcrumb":{"@id":"https:\/\/www.collegesinstitutes.ca\/fr\/posons-les-questions-qui-simposent\/#breadcrumb"},"inLanguage":"fr-FR","potentialAction":[{"@type":"ReadAction","target":["https:\/\/www.collegesinstitutes.ca\/fr\/posons-les-questions-qui-simposent\/"]}]},{"@type":"ImageObject","inLanguage":"fr-FR","@id":"https:\/\/www.collegesinstitutes.ca\/fr\/posons-les-questions-qui-simposent\/#primaryimage","url":"https:\/\/www.collegesinstitutes.ca\/wp-content\/uploads\/2023\/01\/justice01.jpg","contentUrl":"https:\/\/www.collegesinstitutes.ca\/wp-content\/uploads\/2023\/01\/justice01.jpg","width":1200,"height":628},{"@type":"BreadcrumbList","@id":"https:\/\/www.collegesinstitutes.ca\/fr\/posons-les-questions-qui-simposent\/#breadcrumb","itemListElement":[{"@type":"ListItem","position":1,"name":"Home","item":"https:\/\/www.collegesinstitutes.ca\/fr\/"},{"@type":"ListItem","position":2,"name":"Posons les questions qui s\u2019imposent"}]},{"@type":"WebSite","@id":"https:\/\/www.collegesinstitutes.ca\/fr\/#website","url":"https:\/\/www.collegesinstitutes.ca\/fr\/","name":"Colleges and Institutes Canada","description":"The Voice of Canada&#039;s Colleges &amp; Institutes","publisher":{"@id":"https:\/\/www.collegesinstitutes.ca\/fr\/#organization"},"potentialAction":[{"@type":"SearchAction","target":{"@type":"EntryPoint","urlTemplate":"https:\/\/www.collegesinstitutes.ca\/fr\/?s={search_term_string}"},"query-input":{"@type":"PropertyValueSpecification","valueRequired":true,"valueName":"search_term_string"}}],"inLanguage":"fr-FR"},{"@type":"Organization","@id":"https:\/\/www.collegesinstitutes.ca\/fr\/#organization","name":"Colleges and Institutes Canada","url":"https:\/\/www.collegesinstitutes.ca\/fr\/","logo":{"@type":"ImageObject","inLanguage":"fr-FR","@id":"https:\/\/www.collegesinstitutes.ca\/fr\/#\/schema\/logo\/image\/","url":"https:\/\/www.collegesinstitutes.ca\/wp-content\/uploads\/2025\/06\/logo-en.png","contentUrl":"https:\/\/www.collegesinstitutes.ca\/wp-content\/uploads\/2025\/06\/logo-en.png","width":794,"height":280,"caption":"Colleges and Institutes Canada"},"image":{"@id":"https:\/\/www.collegesinstitutes.ca\/fr\/#\/schema\/logo\/image\/"}},{"@type":"Person","@id":"https:\/\/www.collegesinstitutes.ca\/fr\/#\/schema\/person\/7db380f6f507a593bd7b20dbbbc2d811","name":"PugLove","sameAs":["http:\/\/cicandev1"],"url":"https:\/\/www.collegesinstitutes.ca\/fr\/author\/shill\/"}]}},"_links":{"self":[{"href":"https:\/\/www.collegesinstitutes.ca\/fr\/wp-json\/wp\/v2\/posts\/22668","targetHints":{"allow":["GET"]}}],"collection":[{"href":"https:\/\/www.collegesinstitutes.ca\/fr\/wp-json\/wp\/v2\/posts"}],"about":[{"href":"https:\/\/www.collegesinstitutes.ca\/fr\/wp-json\/wp\/v2\/types\/post"}],"author":[{"embeddable":true,"href":"https:\/\/www.collegesinstitutes.ca\/fr\/wp-json\/wp\/v2\/users\/2"}],"replies":[{"embeddable":true,"href":"https:\/\/www.collegesinstitutes.ca\/fr\/wp-json\/wp\/v2\/comments?post=22668"}],"version-history":[{"count":0,"href":"https:\/\/www.collegesinstitutes.ca\/fr\/wp-json\/wp\/v2\/posts\/22668\/revisions"}],"wp:featuredmedia":[{"embeddable":true,"href":"https:\/\/www.collegesinstitutes.ca\/fr\/wp-json\/wp\/v2\/media\/17049"}],"wp:attachment":[{"href":"https:\/\/www.collegesinstitutes.ca\/fr\/wp-json\/wp\/v2\/media?parent=22668"}],"wp:term":[{"taxonomy":"category","embeddable":true,"href":"https:\/\/www.collegesinstitutes.ca\/fr\/wp-json\/wp\/v2\/categories?post=22668"},{"taxonomy":"post_tag","embeddable":true,"href":"https:\/\/www.collegesinstitutes.ca\/fr\/wp-json\/wp\/v2\/tags?post=22668"}],"curies":[{"name":"wp","href":"https:\/\/api.w.org\/{rel}","templated":true}]}}