{"id":22665,"date":"2020-10-05T18:37:13","date_gmt":"2020-10-05T18:37:13","guid":{"rendered":"https:\/\/www.collegesinstitutes.ca\/?p=22665"},"modified":"2023-01-31T16:24:53","modified_gmt":"2023-01-31T16:24:53","slug":"creer-et-celebrer-lhistoire-au-feminin","status":"publish","type":"post","link":"https:\/\/www.collegesinstitutes.ca\/fr\/creer-et-celebrer-lhistoire-au-feminin\/","title":{"rendered":"Cr\u00e9er et c\u00e9l\u00e9brer l\u2019histoire au f\u00e9minin"},"content":{"rendered":"<div id=\"topstory\" class=\"mb-5\">\n<p>Chaque octobre depuis 1992, le Canada marque officiellement le\u00a0<strong>Mois de l\u2019histoire des femmes\u00a0<\/strong>pour honorer les r\u00e9alisations et les contributions des femmes et des filles de partout au pays, qu\u2019elles soient chefs d\u2019affaires, politiciennes, chercheuses, artistes ou militantes. Ce mois compte deux dates particuli\u00e8rement importantes\u00a0: la\u00a0<a tabindex=\"170\" href=\"https:\/\/www.un.org\/fr\/observances\/girl-child-day\">Journ\u00e9e internationale de la fille<\/a>\u00a0le\u00a0<strong>11 octobre<\/strong>, une c\u00e9l\u00e9bration internationale des Nations Unies visant \u00e0 aider les filles \u00e0 devenir des leaders et \u00e0 effectuer le changement; et la\u00a0<a tabindex=\"171\" href=\"https:\/\/cfc-swc.gc.ca\/commemoration\/whm-mhf\/persons-personne-fr.html\">Journ\u00e9e de l\u2019affaire \u00ab\u00a0personne\u00a0\u00bb<\/a>\u00a0le\u00a0<strong>18 octobre<\/strong>\u00a0pour marquer le jour en 1929 o\u00f9 cinq pionni\u00e8res ont men\u00e9 et gagn\u00e9 la lutte pour le droit d\u2019\u00eatre \u00e9lues \u00e0 une fonction publique et de participer sur un pied d\u2019\u00e9galit\u00e9 \u00e0 tous les aspects de la vie au Canada.<\/p>\n<p>Bien que ces trois \u00e9v\u00e9nements m\u00e9ritent d\u2019\u00eatre c\u00e9l\u00e9br\u00e9s, il s\u2019agit aussi d\u2019un moment propice pour r\u00e9fl\u00e9chir \u00e0 ce qu\u2019il reste \u00e0 faire pour que plus de femmes puissent r\u00e9aliser leur plein potentiel. La pand\u00e9mie de COVID-19\u00a0<a tabindex=\"172\" href=\"https:\/\/www.weforum.org\/agenda\/2020\/09\/shecession-of-2020-causes-and-consequences\">a pr\u00e9cipit\u00e9 ce que plusieurs nomment une \u00ab\u00a0r\u00e9cession au f\u00e9minin\u00a0\u00bb<\/a>\u00a0et les derni\u00e8res donn\u00e9es de Statistique Canada vont dans le m\u00eame sens en indiquant\u00a0<a tabindex=\"173\" href=\"https:\/\/www150.statcan.gc.ca\/n1\/pub\/75-004-m\/75-004-m2019004-fra.htm\">qu\u2019une femme gagne toujours 0,87 $ pour chaque dollar que gagne un homme<\/a>. Nous savons aussi que\u00a0<a tabindex=\"174\" href=\"https:\/\/cfc-swc.gc.ca\/violence\/knowledge-connaissance\/about-apropos-fr.html\">les femmes et les filles sont plus \u00e0 risque de subir des actes de violence fond\u00e9e sur le genre<\/a>\u00a0et que\u00a0<a tabindex=\"175\" href=\"https:\/\/www.mmiwg-ffada.ca\/fr\/\">beaucoup de femmes et de filles autochtones sont disparues ou \u00e9t\u00e9 assassin\u00e9es<\/a>.<\/p>\n<p>L\u2019autonomisation des femmes est un ingr\u00e9dient essentiel pour assurer une croissance \u00e9conomique et sociale continue, surtout dans le contexte d\u2019une pand\u00e9mie. Pendant le r\u00e9cent\u00a0<a tabindex=\"176\" href=\"https:\/\/www.canada.ca\/fr\/conseil-prive\/campagnes\/discours-trone\/2020\/discours-du-trone.html\">Discours du tr\u00f4ne<\/a>, le gouvernement lib\u00e9ral a promis de cr\u00e9er un\u00a0<strong>Plan d\u2019action pour les femmes dans l\u2019\u00e9conomie<\/strong>. Les coll\u00e8ges et les instituts auront un r\u00f4le essentiel \u00e0 jouer dans l\u2019\u00e9laboration de ce plan, et plusieurs m\u00e8nent d\u00e9j\u00e0 des initiatives pour faire avancer le bien-\u00eatre \u00e9conomique des femmes, dont les suivants.<\/p>\n<ul>\n<li>Le programme\u00a0<a tabindex=\"177\" href=\"https:\/\/www.georgebrown.ca\/partnerships\/community-partnership-office\/programs\/women-transitioning-to-trades-and-employment-program\">Women Transitioning to Trades and Employment<\/a>\u00a0du\u00a0<strong>George Brown College\u00a0<\/strong>est un programme d\u2019appui novateur et int\u00e9gr\u00e9 pour les femmes et les personnes de genre non binaires, trans et bispirituelles qui cherchent un emploi stable dans les domaines li\u00e9s aux m\u00e9tiers et \u00e0 la construction. Le programme est con\u00e7u pour aider les personnes de groupes sous-repr\u00e9sent\u00e9s \u00e0 int\u00e9grer les m\u00e9tiers avec succ\u00e8s!<\/li>\n<li>La campagne\u00a0<a tabindex=\"178\" href=\"https:\/\/www.norquest.ca\/supporters\/1000-women.aspx\">1000 Women: A Million Possibilities campaign<\/a>\u00a0du\u00a0<strong>NorQuest College\u00a0<\/strong>a recueilli plus de 3,3 millions de dollars pour \u00e9liminer les obstacles financiers auxquels font face les \u00e9tudiantes et pour aider ces femmes \u00e0 poursuivre leur formation et atteindre leurs objectifs.<\/li>\n<li>Au\u00a0<strong>Nova Scotia Community College<\/strong>, l\u2019initiative\u00a0<a tabindex=\"179\" href=\"https:\/\/www.nscc.ca\/sites\/workatsea\/coursebursary.asp\">Ocean Awaits Award for Women and Indigenous People<\/a>\u00a0reconna\u00eet les importants obstacles financiers, sociaux et culturels auxquels font face les femmes et les personnes autochtones lorsqu\u2019elles poursuivent une formation postsecondaire. Le programme vise \u00e0 compenser les frais de scolarit\u00e9 et cherche \u00e0 encourager une plus grande participation aux formations et aux carri\u00e8res maritimes.<\/li>\n<li>Le\u00a0<strong>C\u00e9gep de l\u2019Abitibi-T\u00e9miscamingue<\/strong>\u00a0<a tabindex=\"180\" href=\"https:\/\/ici.radio-canada.ca\/nouvelle\/1729639\/cegep-abitibi-temiscamingue-cote-nord-techniques-policieres\">travaille en partenariat depuis trois ans<\/a>\u00a0pour adapter son programme de techniques polici\u00e8res des Premi\u00e8res Nations selon les recommandations de\u00a0<strong>l\u2019Enqu\u00eate nationale sur les femmes et les filles autochtones disparues et assassin\u00e9es<\/strong>.<\/li>\n<li>L\u2019initiative\u00a0<a tabindex=\"181\" href=\"https:\/\/www.okanagan.bc.ca\/trades-and-apprenticeship\/women-in-trades\/women-in-trades-training\">Gateway to the Building Trades for Women<\/a>\u00a0de l\u2019<strong>Okanagan College\u00a0<\/strong>est un programme exploratoire de 12 semaines offert aux femmes pour qu\u2019elles puissent d\u00e9couvrir, par la participation et l\u2019exploration actives, les secteurs de la menuiserie, de l\u2019automobile, de la plomberie et de l\u2019\u00e9lectricit\u00e9, parmi d\u2019autres.<\/li>\n<li>Au Yellowknife North Slave Research Centre de l\u2019<strong>Aurora College<\/strong>, des chercheurs collaborent au projet\u00a0<strong>Welcoming the\u00a0<\/strong>\u00ab\u00a0<strong>Sacred Spirit\u00a0<\/strong>\u00bb, qui cherche \u00e0 lier\u00a0<a tabindex=\"182\" href=\"http:\/\/nwtresearch.com\/about-us\/news\/pertice-moffitt-collaborates-cihr-funded-welcoming-sacred-spirit-child-project\">les moyens de savoir autochtones et occidentaux pour optimiser la prestation de soins de sant\u00e9 maternelle<\/a>. Parmi les autres domaines d\u2019int\u00e9r\u00eat figurent le f\u00e9minicide, la violence familiale et la sant\u00e9 des femmes dans les communaut\u00e9s rurales et \u00e9loign\u00e9es.<\/li>\n<li>Plusieurs coll\u00e8ges et instituts participent aussi \u00e0 nos\u00a0<a tabindex=\"183\" href=\"https:\/\/www.collegesinstitutes.ca\/fr\/notre-role\/partenariats-internationale\/education-pour-lemploi\/\">programmes d\u2019\u00c9ducation pour l\u2019emploi<\/a>\u00a0\u00e0 l\u2019\u00e9tranger, qui comportent tous un volet sur l\u2019\u00e9galit\u00e9 des femmes. Tous ces programmes visent \u00e0 aider les populations vuln\u00e9rables, surtout les femmes, \u00e0 atteindre la parit\u00e9 et \u00e0 contribuer sur le plan mondial aux Objectifs de d\u00e9veloppement durable num\u00e9ros 5, 4 et 8\u00a0:\u00a0<strong>l\u2019\u00e9galit\u00e9 entre les genres, l\u2019\u00e9ducation de qualit\u00e9 et le travail d\u00e9cent et la croissance \u00e9conomique<\/strong>.<\/li>\n<\/ul>\n<p>Un plan de reprise durable au Canada doit aller plus loin pour autonomiser les femmes et les personnes transgenres et de genre non binaire dans nos vies. Gr\u00e2ce aux syst\u00e8mes de soutien, aux possibilit\u00e9s de formation adapt\u00e9es et aux projets de recherche ax\u00e9s sur les femmes, nous pouvons en faire davantage pour favoriser leur r\u00e9ussite et lutter contre les biais implicites et les in\u00e9galit\u00e9s de genre syst\u00e9miques.<\/p>\n<\/div>\n","protected":false},"excerpt":{"rendered":"<p>Chaque octobre depuis 1992, le Canada marque officiellement le\u00a0Mois de l\u2019histoire des femmes\u00a0pour honorer les r\u00e9alisations et les contributions des femmes et des filles de partout au pays, qu\u2019elles soient&#8230;<\/p>\n","protected":false},"author":2,"featured_media":17043,"comment_status":"closed","ping_status":"closed","sticky":false,"template":"","format":"standard","meta":{"_acf_changed":false,"footnotes":""},"categories":[950,954],"tags":[977],"class_list":["post-22665","post","type-post","status-publish","format-standard","has-post-thumbnail","hentry","category-accelerer-la-reconciliation","category-progresser-envers-les-objectifs-de-developpement-durable","tag-lautonomisationdesfemmes"],"acf":[],"yoast_head":"<!-- This site is optimized with the Yoast SEO plugin v27.5 - https:\/\/yoast.com\/product\/yoast-seo-wordpress\/ -->\n<title>Cr\u00e9er et c\u00e9l\u00e9brer l\u2019histoire au f\u00e9minin - Colleges and Institutes Canada<\/title>\n<meta name=\"robots\" content=\"index, follow, max-snippet:-1, max-image-preview:large, max-video-preview:-1\" \/>\n<link rel=\"canonical\" href=\"https:\/\/www.collegesinstitutes.ca\/fr\/creer-et-celebrer-lhistoire-au-feminin\/\" \/>\n<meta property=\"og:locale\" content=\"fr_FR\" \/>\n<meta property=\"og:type\" content=\"article\" \/>\n<meta property=\"og:title\" content=\"Cr\u00e9er et c\u00e9l\u00e9brer l\u2019histoire au f\u00e9minin - Colleges and Institutes Canada\" \/>\n<meta property=\"og:description\" content=\"Chaque octobre depuis 1992, le Canada marque officiellement le\u00a0Mois de l\u2019histoire des femmes\u00a0pour honorer les r\u00e9alisations et les contributions des femmes et des filles de partout au pays, qu\u2019elles soient...\" \/>\n<meta property=\"og:url\" content=\"https:\/\/www.collegesinstitutes.ca\/fr\/creer-et-celebrer-lhistoire-au-feminin\/\" \/>\n<meta property=\"og:site_name\" content=\"Colleges and Institutes Canada\" \/>\n<meta property=\"article:published_time\" content=\"2020-10-05T18:37:13+00:00\" \/>\n<meta property=\"article:modified_time\" content=\"2023-01-31T16:24:53+00:00\" \/>\n<meta property=\"og:image\" content=\"https:\/\/www.collegesinstitutes.ca\/wp-content\/uploads\/2023\/01\/women.jpg\" \/>\n\t<meta property=\"og:image:width\" content=\"1200\" \/>\n\t<meta property=\"og:image:height\" content=\"628\" \/>\n\t<meta property=\"og:image:type\" content=\"image\/jpeg\" \/>\n<meta name=\"author\" content=\"PugLove\" \/>\n<meta name=\"twitter:card\" content=\"summary_large_image\" \/>\n<meta name=\"twitter:label1\" content=\"Written by\" \/>\n\t<meta name=\"twitter:data1\" content=\"PugLove\" \/>\n\t<meta name=\"twitter:label2\" content=\"Est. reading time\" \/>\n\t<meta name=\"twitter:data2\" content=\"4 minutes\" \/>\n<script type=\"application\/ld+json\" class=\"yoast-schema-graph\">{\"@context\":\"https:\\\/\\\/schema.org\",\"@graph\":[{\"@type\":\"Article\",\"@id\":\"https:\\\/\\\/www.collegesinstitutes.ca\\\/fr\\\/creer-et-celebrer-lhistoire-au-feminin\\\/#article\",\"isPartOf\":{\"@id\":\"https:\\\/\\\/www.collegesinstitutes.ca\\\/fr\\\/creer-et-celebrer-lhistoire-au-feminin\\\/\"},\"author\":{\"name\":\"PugLove\",\"@id\":\"https:\\\/\\\/www.collegesinstitutes.ca\\\/fr\\\/#\\\/schema\\\/person\\\/7db380f6f507a593bd7b20dbbbc2d811\"},\"headline\":\"Cr\u00e9er et c\u00e9l\u00e9brer l\u2019histoire au f\u00e9minin\",\"datePublished\":\"2020-10-05T18:37:13+00:00\",\"dateModified\":\"2023-01-31T16:24:53+00:00\",\"mainEntityOfPage\":{\"@id\":\"https:\\\/\\\/www.collegesinstitutes.ca\\\/fr\\\/creer-et-celebrer-lhistoire-au-feminin\\\/\"},\"wordCount\":841,\"publisher\":{\"@id\":\"https:\\\/\\\/www.collegesinstitutes.ca\\\/fr\\\/#organization\"},\"image\":{\"@id\":\"https:\\\/\\\/www.collegesinstitutes.ca\\\/fr\\\/creer-et-celebrer-lhistoire-au-feminin\\\/#primaryimage\"},\"thumbnailUrl\":\"https:\\\/\\\/www.collegesinstitutes.ca\\\/wp-content\\\/uploads\\\/2023\\\/01\\\/women.jpg\",\"keywords\":[\"L\u2019autonomisationdesfemmes\"],\"articleSection\":[\"Acc\u00e9l\u00e9rer la r\u00e9conciliation\",\"Progresser envers les Objectifs de d\u00e9veloppement durable\"],\"inLanguage\":\"fr-FR\"},{\"@type\":\"WebPage\",\"@id\":\"https:\\\/\\\/www.collegesinstitutes.ca\\\/fr\\\/creer-et-celebrer-lhistoire-au-feminin\\\/\",\"url\":\"https:\\\/\\\/www.collegesinstitutes.ca\\\/fr\\\/creer-et-celebrer-lhistoire-au-feminin\\\/\",\"name\":\"Cr\u00e9er et c\u00e9l\u00e9brer l\u2019histoire au f\u00e9minin - Colleges and Institutes Canada\",\"isPartOf\":{\"@id\":\"https:\\\/\\\/www.collegesinstitutes.ca\\\/fr\\\/#website\"},\"primaryImageOfPage\":{\"@id\":\"https:\\\/\\\/www.collegesinstitutes.ca\\\/fr\\\/creer-et-celebrer-lhistoire-au-feminin\\\/#primaryimage\"},\"image\":{\"@id\":\"https:\\\/\\\/www.collegesinstitutes.ca\\\/fr\\\/creer-et-celebrer-lhistoire-au-feminin\\\/#primaryimage\"},\"thumbnailUrl\":\"https:\\\/\\\/www.collegesinstitutes.ca\\\/wp-content\\\/uploads\\\/2023\\\/01\\\/women.jpg\",\"datePublished\":\"2020-10-05T18:37:13+00:00\",\"dateModified\":\"2023-01-31T16:24:53+00:00\",\"breadcrumb\":{\"@id\":\"https:\\\/\\\/www.collegesinstitutes.ca\\\/fr\\\/creer-et-celebrer-lhistoire-au-feminin\\\/#breadcrumb\"},\"inLanguage\":\"fr-FR\",\"potentialAction\":[{\"@type\":\"ReadAction\",\"target\":[\"https:\\\/\\\/www.collegesinstitutes.ca\\\/fr\\\/creer-et-celebrer-lhistoire-au-feminin\\\/\"]}]},{\"@type\":\"ImageObject\",\"inLanguage\":\"fr-FR\",\"@id\":\"https:\\\/\\\/www.collegesinstitutes.ca\\\/fr\\\/creer-et-celebrer-lhistoire-au-feminin\\\/#primaryimage\",\"url\":\"https:\\\/\\\/www.collegesinstitutes.ca\\\/wp-content\\\/uploads\\\/2023\\\/01\\\/women.jpg\",\"contentUrl\":\"https:\\\/\\\/www.collegesinstitutes.ca\\\/wp-content\\\/uploads\\\/2023\\\/01\\\/women.jpg\",\"width\":1200,\"height\":628},{\"@type\":\"BreadcrumbList\",\"@id\":\"https:\\\/\\\/www.collegesinstitutes.ca\\\/fr\\\/creer-et-celebrer-lhistoire-au-feminin\\\/#breadcrumb\",\"itemListElement\":[{\"@type\":\"ListItem\",\"position\":1,\"name\":\"Home\",\"item\":\"https:\\\/\\\/www.collegesinstitutes.ca\\\/fr\\\/\"},{\"@type\":\"ListItem\",\"position\":2,\"name\":\"Cr\u00e9er et c\u00e9l\u00e9brer l\u2019histoire au f\u00e9minin\"}]},{\"@type\":\"WebSite\",\"@id\":\"https:\\\/\\\/www.collegesinstitutes.ca\\\/fr\\\/#website\",\"url\":\"https:\\\/\\\/www.collegesinstitutes.ca\\\/fr\\\/\",\"name\":\"Colleges and Institutes Canada\",\"description\":\"The Voice of Canada&#039;s Colleges &amp; Institutes\",\"publisher\":{\"@id\":\"https:\\\/\\\/www.collegesinstitutes.ca\\\/fr\\\/#organization\"},\"potentialAction\":[{\"@type\":\"SearchAction\",\"target\":{\"@type\":\"EntryPoint\",\"urlTemplate\":\"https:\\\/\\\/www.collegesinstitutes.ca\\\/fr\\\/?s={search_term_string}\"},\"query-input\":{\"@type\":\"PropertyValueSpecification\",\"valueRequired\":true,\"valueName\":\"search_term_string\"}}],\"inLanguage\":\"fr-FR\"},{\"@type\":\"Organization\",\"@id\":\"https:\\\/\\\/www.collegesinstitutes.ca\\\/fr\\\/#organization\",\"name\":\"Colleges and Institutes Canada\",\"url\":\"https:\\\/\\\/www.collegesinstitutes.ca\\\/fr\\\/\",\"logo\":{\"@type\":\"ImageObject\",\"inLanguage\":\"fr-FR\",\"@id\":\"https:\\\/\\\/www.collegesinstitutes.ca\\\/fr\\\/#\\\/schema\\\/logo\\\/image\\\/\",\"url\":\"https:\\\/\\\/www.collegesinstitutes.ca\\\/wp-content\\\/uploads\\\/2025\\\/06\\\/logo-en.png\",\"contentUrl\":\"https:\\\/\\\/www.collegesinstitutes.ca\\\/wp-content\\\/uploads\\\/2025\\\/06\\\/logo-en.png\",\"width\":794,\"height\":280,\"caption\":\"Colleges and Institutes Canada\"},\"image\":{\"@id\":\"https:\\\/\\\/www.collegesinstitutes.ca\\\/fr\\\/#\\\/schema\\\/logo\\\/image\\\/\"}},{\"@type\":\"Person\",\"@id\":\"https:\\\/\\\/www.collegesinstitutes.ca\\\/fr\\\/#\\\/schema\\\/person\\\/7db380f6f507a593bd7b20dbbbc2d811\",\"name\":\"PugLove\",\"sameAs\":[\"http:\\\/\\\/cicandev1\"],\"url\":\"https:\\\/\\\/www.collegesinstitutes.ca\\\/fr\\\/author\\\/shill\\\/\"}]}<\/script>\n<!-- \/ Yoast SEO plugin. -->","yoast_head_json":{"title":"Cr\u00e9er et c\u00e9l\u00e9brer l\u2019histoire au f\u00e9minin - Colleges and Institutes Canada","robots":{"index":"index","follow":"follow","max-snippet":"max-snippet:-1","max-image-preview":"max-image-preview:large","max-video-preview":"max-video-preview:-1"},"canonical":"https:\/\/www.collegesinstitutes.ca\/fr\/creer-et-celebrer-lhistoire-au-feminin\/","og_locale":"fr_FR","og_type":"article","og_title":"Cr\u00e9er et c\u00e9l\u00e9brer l\u2019histoire au f\u00e9minin - Colleges and Institutes Canada","og_description":"Chaque octobre depuis 1992, le Canada marque officiellement le\u00a0Mois de l\u2019histoire des femmes\u00a0pour honorer les r\u00e9alisations et les contributions des femmes et des filles de partout au pays, qu\u2019elles soient...","og_url":"https:\/\/www.collegesinstitutes.ca\/fr\/creer-et-celebrer-lhistoire-au-feminin\/","og_site_name":"Colleges and Institutes Canada","article_published_time":"2020-10-05T18:37:13+00:00","article_modified_time":"2023-01-31T16:24:53+00:00","og_image":[{"width":1200,"height":628,"url":"https:\/\/www.collegesinstitutes.ca\/wp-content\/uploads\/2023\/01\/women.jpg","type":"image\/jpeg"}],"author":"PugLove","twitter_card":"summary_large_image","twitter_misc":{"Written by":"PugLove","Est. reading time":"4 minutes"},"schema":{"@context":"https:\/\/schema.org","@graph":[{"@type":"Article","@id":"https:\/\/www.collegesinstitutes.ca\/fr\/creer-et-celebrer-lhistoire-au-feminin\/#article","isPartOf":{"@id":"https:\/\/www.collegesinstitutes.ca\/fr\/creer-et-celebrer-lhistoire-au-feminin\/"},"author":{"name":"PugLove","@id":"https:\/\/www.collegesinstitutes.ca\/fr\/#\/schema\/person\/7db380f6f507a593bd7b20dbbbc2d811"},"headline":"Cr\u00e9er et c\u00e9l\u00e9brer l\u2019histoire au f\u00e9minin","datePublished":"2020-10-05T18:37:13+00:00","dateModified":"2023-01-31T16:24:53+00:00","mainEntityOfPage":{"@id":"https:\/\/www.collegesinstitutes.ca\/fr\/creer-et-celebrer-lhistoire-au-feminin\/"},"wordCount":841,"publisher":{"@id":"https:\/\/www.collegesinstitutes.ca\/fr\/#organization"},"image":{"@id":"https:\/\/www.collegesinstitutes.ca\/fr\/creer-et-celebrer-lhistoire-au-feminin\/#primaryimage"},"thumbnailUrl":"https:\/\/www.collegesinstitutes.ca\/wp-content\/uploads\/2023\/01\/women.jpg","keywords":["L\u2019autonomisationdesfemmes"],"articleSection":["Acc\u00e9l\u00e9rer la r\u00e9conciliation","Progresser envers les Objectifs de d\u00e9veloppement durable"],"inLanguage":"fr-FR"},{"@type":"WebPage","@id":"https:\/\/www.collegesinstitutes.ca\/fr\/creer-et-celebrer-lhistoire-au-feminin\/","url":"https:\/\/www.collegesinstitutes.ca\/fr\/creer-et-celebrer-lhistoire-au-feminin\/","name":"Cr\u00e9er et c\u00e9l\u00e9brer l\u2019histoire au f\u00e9minin - Colleges and Institutes Canada","isPartOf":{"@id":"https:\/\/www.collegesinstitutes.ca\/fr\/#website"},"primaryImageOfPage":{"@id":"https:\/\/www.collegesinstitutes.ca\/fr\/creer-et-celebrer-lhistoire-au-feminin\/#primaryimage"},"image":{"@id":"https:\/\/www.collegesinstitutes.ca\/fr\/creer-et-celebrer-lhistoire-au-feminin\/#primaryimage"},"thumbnailUrl":"https:\/\/www.collegesinstitutes.ca\/wp-content\/uploads\/2023\/01\/women.jpg","datePublished":"2020-10-05T18:37:13+00:00","dateModified":"2023-01-31T16:24:53+00:00","breadcrumb":{"@id":"https:\/\/www.collegesinstitutes.ca\/fr\/creer-et-celebrer-lhistoire-au-feminin\/#breadcrumb"},"inLanguage":"fr-FR","potentialAction":[{"@type":"ReadAction","target":["https:\/\/www.collegesinstitutes.ca\/fr\/creer-et-celebrer-lhistoire-au-feminin\/"]}]},{"@type":"ImageObject","inLanguage":"fr-FR","@id":"https:\/\/www.collegesinstitutes.ca\/fr\/creer-et-celebrer-lhistoire-au-feminin\/#primaryimage","url":"https:\/\/www.collegesinstitutes.ca\/wp-content\/uploads\/2023\/01\/women.jpg","contentUrl":"https:\/\/www.collegesinstitutes.ca\/wp-content\/uploads\/2023\/01\/women.jpg","width":1200,"height":628},{"@type":"BreadcrumbList","@id":"https:\/\/www.collegesinstitutes.ca\/fr\/creer-et-celebrer-lhistoire-au-feminin\/#breadcrumb","itemListElement":[{"@type":"ListItem","position":1,"name":"Home","item":"https:\/\/www.collegesinstitutes.ca\/fr\/"},{"@type":"ListItem","position":2,"name":"Cr\u00e9er et c\u00e9l\u00e9brer l\u2019histoire au f\u00e9minin"}]},{"@type":"WebSite","@id":"https:\/\/www.collegesinstitutes.ca\/fr\/#website","url":"https:\/\/www.collegesinstitutes.ca\/fr\/","name":"Colleges and Institutes Canada","description":"The Voice of Canada&#039;s Colleges &amp; Institutes","publisher":{"@id":"https:\/\/www.collegesinstitutes.ca\/fr\/#organization"},"potentialAction":[{"@type":"SearchAction","target":{"@type":"EntryPoint","urlTemplate":"https:\/\/www.collegesinstitutes.ca\/fr\/?s={search_term_string}"},"query-input":{"@type":"PropertyValueSpecification","valueRequired":true,"valueName":"search_term_string"}}],"inLanguage":"fr-FR"},{"@type":"Organization","@id":"https:\/\/www.collegesinstitutes.ca\/fr\/#organization","name":"Colleges and Institutes Canada","url":"https:\/\/www.collegesinstitutes.ca\/fr\/","logo":{"@type":"ImageObject","inLanguage":"fr-FR","@id":"https:\/\/www.collegesinstitutes.ca\/fr\/#\/schema\/logo\/image\/","url":"https:\/\/www.collegesinstitutes.ca\/wp-content\/uploads\/2025\/06\/logo-en.png","contentUrl":"https:\/\/www.collegesinstitutes.ca\/wp-content\/uploads\/2025\/06\/logo-en.png","width":794,"height":280,"caption":"Colleges and Institutes Canada"},"image":{"@id":"https:\/\/www.collegesinstitutes.ca\/fr\/#\/schema\/logo\/image\/"}},{"@type":"Person","@id":"https:\/\/www.collegesinstitutes.ca\/fr\/#\/schema\/person\/7db380f6f507a593bd7b20dbbbc2d811","name":"PugLove","sameAs":["http:\/\/cicandev1"],"url":"https:\/\/www.collegesinstitutes.ca\/fr\/author\/shill\/"}]}},"_links":{"self":[{"href":"https:\/\/www.collegesinstitutes.ca\/fr\/wp-json\/wp\/v2\/posts\/22665","targetHints":{"allow":["GET"]}}],"collection":[{"href":"https:\/\/www.collegesinstitutes.ca\/fr\/wp-json\/wp\/v2\/posts"}],"about":[{"href":"https:\/\/www.collegesinstitutes.ca\/fr\/wp-json\/wp\/v2\/types\/post"}],"author":[{"embeddable":true,"href":"https:\/\/www.collegesinstitutes.ca\/fr\/wp-json\/wp\/v2\/users\/2"}],"replies":[{"embeddable":true,"href":"https:\/\/www.collegesinstitutes.ca\/fr\/wp-json\/wp\/v2\/comments?post=22665"}],"version-history":[{"count":0,"href":"https:\/\/www.collegesinstitutes.ca\/fr\/wp-json\/wp\/v2\/posts\/22665\/revisions"}],"wp:featuredmedia":[{"embeddable":true,"href":"https:\/\/www.collegesinstitutes.ca\/fr\/wp-json\/wp\/v2\/media\/17043"}],"wp:attachment":[{"href":"https:\/\/www.collegesinstitutes.ca\/fr\/wp-json\/wp\/v2\/media?parent=22665"}],"wp:term":[{"taxonomy":"category","embeddable":true,"href":"https:\/\/www.collegesinstitutes.ca\/fr\/wp-json\/wp\/v2\/categories?post=22665"},{"taxonomy":"post_tag","embeddable":true,"href":"https:\/\/www.collegesinstitutes.ca\/fr\/wp-json\/wp\/v2\/tags?post=22665"}],"curies":[{"name":"wp","href":"https:\/\/api.w.org\/{rel}","templated":true}]}}